{"id":6476,"date":"2023-10-23T12:27:21","date_gmt":"2023-10-23T18:27:21","guid":{"rendered":"https:\/\/cronicadesoledad.com\/?p=6476"},"modified":"2023-10-23T12:27:21","modified_gmt":"2023-10-23T18:27:21","slug":"inicia-soledad-jornada-de-vacunacion-contra-la-influenza","status":"publish","type":"post","link":"https:\/\/cronicadesoledad.com\/index.php\/2023\/10\/23\/inicia-soledad-jornada-de-vacunacion-contra-la-influenza\/","title":{"rendered":"Inicia Soledad Jornada de Vacunaci\u00f3n contra la influenza"},"content":{"rendered":"\n<h2 class=\"wp-block-heading\"><em>La Alcaldesa Leonor Noyola anunci\u00f3 la aplicaci\u00f3n de 90mil d\u00f3sis del biol\u00f3gico, mismas que se aplicar\u00e1n a partir de este lunes y hasta marzo del 2024.<\/em><\/h2>\n\n\n\n<p>Soledad de Graciano S\u00e1nchez, S.L.P..- Bajo el lema \u201cPor tu bienestar y el de tu familia, \u00a1vac\u00fanate!\u201d, la Alcaldesa de Soledad de Graciano S\u00e1nchez, Leonor Noyola Cervantes, puso en marcha la campa\u00f1a de vacunaci\u00f3n contra la influenza con el fin de fomentar entre la poblaci\u00f3n la cultura de la prevenci\u00f3n y el cuidado de la salud durante la presente temporada invernal.&nbsp;<\/p>\n\n\n\n<p>Durante su intervenci\u00f3n, la jefa del gobierno soledense detall\u00f3 la importancia de la protecci\u00f3n de la salud de los ciudadanos se\u00f1alando que \u201cla salud es el tesoro m\u00e1s preciado y que es necesario promover su cuidado\u201d.&nbsp;<\/p>\n\n\n\n<p>\u201cDebemos de fortalecer los h\u00e1bitos positivos y ser responsables en la aplicaci\u00f3n de vacunas que permiten a nuestro organismo atacar los virus y generar defensas en nuestro cuerpo contra enfermedades\u201d.&nbsp;<\/p>\n\n\n\n<p>Leonor Noyola Cervantes hizo un llamado a la poblaci\u00f3n en general a&nbsp;<\/p>\n\n\n\n<p>unirse a esta jornada por la salud, pro- moviendo el mensaje en sus hogares y comunidades: \u201ces un d\u00eda muy importante porque la salud de los soledenses es una prioridad y privilegio tenerla\u201d. La Presidenta Municipal Sole- dense record\u00f3 adem\u00e1s que la iniciativa se enfocar\u00e1 en brindar atenci\u00f3n prioritaria a grupos de riesgo como son ni\u00f1os y ni\u00f1as menores de cinco a\u00f1os de edad, adultos mayores y mujeres embarazadas.&nbsp;<\/p>\n\n\n\n<p>Ante los alumnos del Centro de Desarrollo Infantil Capullito, la edil soledense fue una de las primeras personas en recibir la inoculaci\u00f3n, seguida&nbsp;<\/p>\n\n\n\n<p>de funcionarios y representantes de los diferentes grupos de riesgo de la comunidad.&nbsp;<\/p>\n\n\n\n<p>Flor Lilian Estrada Mart\u00ednez, jefa de la Jurisdicci\u00f3n Sanitaria I, indic\u00f3 que las infecciones respiratorias son un problema de salud p\u00fablica que en el caso de los adultos mayores puede ser mor- tal pero es prevenible.&nbsp;<\/p>\n\n\n\n<p>La funcionaria de salud agreg\u00f3 que la campa\u00f1a que inicio este lunes concluir\u00e1 en el mes de Marzo del 2024, por lo que a nivel estatal se pretende aplicar cerca de 90 mil dosis del biol\u00f3gico, llev\u00e1ndolo incluso hasta las comunidades m\u00e1s alejadas.&nbsp;<\/p>\n","protected":false},"excerpt":{"rendered":"<p>La Alcaldesa Leonor Noyola anunci\u00f3 la aplicaci\u00f3n de 90mil d\u00f3sis del biol\u00f3gico, mismas que se aplicar\u00e1n a partir de este lunes y hasta marzo del 2024. Soledad de Graciano S\u00e1nchez, S.L.P..- Bajo el lema \u201cPor tu bienestar y el de tu familia, \u00a1vac\u00fanate!\u201d, la Alcaldesa de Soledad de Graciano S\u00e1nchez, Leonor Noyola Cervantes, puso en [&hellip;]<\/p>\n","protected":false},"author":6,"featured_media":6477,"comment_status":"open","ping_status":"open","sticky":false,"template":"","format":"standard","meta":{"footnotes":""},"categories":[1,24,21],"tags":[81,223,385,29,269,27],"class_list":{"0":"post-6476","1":"post","2":"type-post","3":"status-publish","4":"format-standard","5":"has-post-thumbnail","7":"category-destacadas","8":"category-informacion-general","9":"category-tu-soledad","10":"tag-alcaldesa-soledense","11":"tag-ayuntamiento-soledense","12":"tag-influenza","13":"tag-leonor-noyola","14":"tag-salud","15":"tag-soledad"},"_links":{"self":[{"href":"https:\/\/cronicadesoledad.com\/index.php\/wp-json\/wp\/v2\/posts\/6476","targetHints":{"allow":["GET"]}}],"collection":[{"href":"https:\/\/cronicadesoledad.com\/index.php\/wp-json\/wp\/v2\/posts"}],"about":[{"href":"https:\/\/cronicadesoledad.com\/index.php\/wp-json\/wp\/v2\/types\/post"}],"author":[{"embeddable":true,"href":"https:\/\/cronicadesoledad.com\/index.php\/wp-json\/wp\/v2\/users\/6"}],"replies":[{"embeddable":true,"href":"https:\/\/cronicadesoledad.com\/index.php\/wp-json\/wp\/v2\/comments?post=6476"}],"version-history":[{"count":1,"href":"https:\/\/cronicadesoledad.com\/index.php\/wp-json\/wp\/v2\/posts\/6476\/revisions"}],"predecessor-version":[{"id":6478,"href":"https:\/\/cronicadesoledad.com\/index.php\/wp-json\/wp\/v2\/posts\/6476\/revisions\/6478"}],"wp:featuredmedia":[{"embeddable":true,"href":"https:\/\/cronicadesoledad.com\/index.php\/wp-json\/wp\/v2\/media\/6477"}],"wp:attachment":[{"href":"https:\/\/cronicadesoledad.com\/index.php\/wp-json\/wp\/v2\/media?parent=6476"}],"wp:term":[{"taxonomy":"category","embeddable":true,"href":"https:\/\/cronicadesoledad.com\/index.php\/wp-json\/wp\/v2\/categories?post=6476"},{"taxonomy":"post_tag","embeddable":true,"href":"https:\/\/cronicadesoledad.com\/index.php\/wp-json\/wp\/v2\/tags?post=6476"}],"curies":[{"name":"wp","href":"https:\/\/api.w.org\/{rel}","templated":true}]}}