{"id":6486,"date":"2023-10-23T13:13:48","date_gmt":"2023-10-23T19:13:48","guid":{"rendered":"https:\/\/cronicadesoledad.com\/?p=6486"},"modified":"2023-10-23T13:16:19","modified_gmt":"2023-10-23T19:16:19","slug":"samuel-garcia-a-la-contienda-por-la-presidencia-del-mexico","status":"publish","type":"post","link":"https:\/\/cronicadesoledad.com\/index.php\/2023\/10\/23\/samuel-garcia-a-la-contienda-por-la-presidencia-del-mexico\/","title":{"rendered":"Samuel Garc\u00eda a la contienda por la presidencia de M\u00e9xico"},"content":{"rendered":"\n<h2 class=\"wp-block-heading\">Solicit\u00f3 al Congreso una licencia temporal por 6 meses.\u00a0<\/h2>\n\n\n\n<p>Samuel Garc\u00eda, gobernador de Nuevo Le\u00f3n, solicit\u00f3 al Congreso una licencia temporal por seis meses para poder contender por la presidencia de nuestro pa\u00eds. Para poder contender por el puesto, el gobernador debe separarse por lo menos 6 meses antes del d\u00eda d ella elecci\u00f3n.&nbsp;<\/p>\n\n\n\n<p>\u201cSolicito se turne mi solicitud con car\u00e1cter de urgente y se determine lo conducente a la separaci\u00f3n solicitada mediante la figura de la licencia temporal por 6 meses, los cuales se deber\u00e1n de computar antes del d\u00eda de la elecci\u00f3n presidencial\u201d menciona Samuel Garc\u00eda en su solicitud.&nbsp;<\/p>\n\n\n\n<p>En el lugar de Samuel Garc\u00eda, fungir\u00eda el puesto de gobernador el actual secretario general de gobierno, Javier Luis Navarro Velasco.&nbsp;<\/p>\n\n\n\n<p>Seguiremos informando sobre el desarrollo de esta noticia.&nbsp;<\/p>\n","protected":false},"excerpt":{"rendered":"<p>Solicit\u00f3 al Congreso una licencia temporal por 6 meses.\u00a0 Samuel Garc\u00eda, gobernador de Nuevo Le\u00f3n, solicit\u00f3 al Congreso una licencia temporal por seis meses para poder contender por la presidencia de nuestro pa\u00eds. Para poder contender por el puesto, el gobernador debe separarse por lo menos 6 meses antes del d\u00eda d ella elecci\u00f3n.&nbsp; \u201cSolicito [&hellip;]<\/p>\n","protected":false},"author":6,"featured_media":6487,"comment_status":"open","ping_status":"open","sticky":false,"template":"","format":"standard","meta":{"footnotes":""},"categories":[1,24],"tags":[259,287,478,479,480],"class_list":{"0":"post-6486","1":"post","2":"type-post","3":"status-publish","4":"format-standard","5":"has-post-thumbnail","7":"category-destacadas","8":"category-informacion-general","9":"tag-elecciones-2024","10":"tag-nacional","11":"tag-nuevo-leon","12":"tag-presidencia","13":"tag-samuel-garcia"},"_links":{"self":[{"href":"https:\/\/cronicadesoledad.com\/index.php\/wp-json\/wp\/v2\/posts\/6486","targetHints":{"allow":["GET"]}}],"collection":[{"href":"https:\/\/cronicadesoledad.com\/index.php\/wp-json\/wp\/v2\/posts"}],"about":[{"href":"https:\/\/cronicadesoledad.com\/index.php\/wp-json\/wp\/v2\/types\/post"}],"author":[{"embeddable":true,"href":"https:\/\/cronicadesoledad.com\/index.php\/wp-json\/wp\/v2\/users\/6"}],"replies":[{"embeddable":true,"href":"https:\/\/cronicadesoledad.com\/index.php\/wp-json\/wp\/v2\/comments?post=6486"}],"version-history":[{"count":2,"href":"https:\/\/cronicadesoledad.com\/index.php\/wp-json\/wp\/v2\/posts\/6486\/revisions"}],"predecessor-version":[{"id":6489,"href":"https:\/\/cronicadesoledad.com\/index.php\/wp-json\/wp\/v2\/posts\/6486\/revisions\/6489"}],"wp:featuredmedia":[{"embeddable":true,"href":"https:\/\/cronicadesoledad.com\/index.php\/wp-json\/wp\/v2\/media\/6487"}],"wp:attachment":[{"href":"https:\/\/cronicadesoledad.com\/index.php\/wp-json\/wp\/v2\/media?parent=6486"}],"wp:term":[{"taxonomy":"category","embeddable":true,"href":"https:\/\/cronicadesoledad.com\/index.php\/wp-json\/wp\/v2\/categories?post=6486"},{"taxonomy":"post_tag","embeddable":true,"href":"https:\/\/cronicadesoledad.com\/index.php\/wp-json\/wp\/v2\/tags?post=6486"}],"curies":[{"name":"wp","href":"https:\/\/api.w.org\/{rel}","templated":true}]}}