{"id":6490,"date":"2023-10-23T13:26:19","date_gmt":"2023-10-23T19:26:19","guid":{"rendered":"https:\/\/cronicadesoledad.com\/?p=6490"},"modified":"2023-10-23T13:26:19","modified_gmt":"2023-10-23T19:26:19","slug":"invitan-a-la-llamada-noche-de-terror-en-soledad","status":"publish","type":"post","link":"https:\/\/cronicadesoledad.com\/index.php\/2023\/10\/23\/invitan-a-la-llamada-noche-de-terror-en-soledad\/","title":{"rendered":"INVITAN A LA LLAMADA \u201cNOCHE DE TERROR\u201d EN SOLEDAD."},"content":{"rendered":"\n<h2 class=\"wp-block-heading\">Recorridos paranormales y presentaci\u00f3n de pel\u00edculas de terror, formar\u00e1n parte de las actividades organizadas por el Instituto de la Juventud en el marco del D\u00eda de Muertos en los Panteones Municipales Uno y Dos.<\/h2>\n\n\n\n<p>Soledad de Graciano S\u00e1nchez, S.L.P..- Como una propuesta \u00fanica que promete una<br>experiencia atractiva y escalofriante a los j\u00f3venes, el Ayuntamiento de Soledad de Graciano S\u00e1nchez, a trav\u00e9s del Instituto Municipal de la Juventud, invita a la ciudadan\u00eda a disfrutar de las \u201cNoches de Terror\u201d, con actividades que se realizan en el marco de las celebraciones de D\u00eda de Muertos.<\/p>\n\n\n\n<p><br>Gerardo Sosa de Torres, director del \u00e1rea municipal, detall\u00f3 que durante todo el mes de<br>octubre, todos los viernes por la noche se proyectar\u00e1n pel\u00edculas de terror en los panteones<br>municipales en los horarios de 10 y 12 de la noche, brindando a los asistentes la<br>oportunidad de sumergirse en el misterio y la intriga.<\/p>\n\n\n\n<p><br>El funcionario municipal tambi\u00e9n anunci\u00f3 la realizaci\u00f3n de recorridos paranormales en<br>ambos cementerios, mismos que se llevar\u00e1n a cabo los d\u00edas 28 y 29 de Octubre. Dichas<br>actividades estar\u00e1n a cargo de personal altamente capacitado en el tema.<\/p>\n\n\n\n<p><br>Al detallar que estas fascinantes excursiones comenzar\u00e1n a las 7 de la tarde y se extender\u00e1n hasta la medianoche, Gerardo Sosa explic\u00f3 que el costo de ambas actividades es de tan solo $50 pesos, un precio que adem\u00e1s de accesible tiene una noble causa, ya que los fondos recaudados ser\u00e1n destinados a la Asociaci\u00f3n Cumbres, organizaci\u00f3n que ayuda a personas en situaci\u00f3n de vulnerabilidad.<\/p>\n\n\n\n<p><br>\u201cDisfrutar de estas actividades de terror no s\u00f3lo ser\u00e1 una experiencia memorable, sino<br>tambi\u00e9n una forma de contribuir al bienestar de la comunidad\u201d, explic\u00f3 el funcionario<br>soledense.<\/p>\n\n\n\n<p><br>Para adquirir los boletos, los interesados podr\u00e1n acudir a las oficinas del Instituto Municipal<br>de la Juventud ubicadas en la Avenida Bellavista en la Colonia San Lorenzo, adem\u00e1s, para<br>obtener mayor informaci\u00f3n sobre los eventos, se ha habilitado el n\u00famero telef\u00f3nico 44 46<br>26 86 46, donde se proporcionar\u00e1n detalles adicionales.<\/p>\n\n\n\n<figure class=\"wp-block-gallery has-nested-images columns-default is-cropped wp-block-gallery-1 is-layout-flex wp-block-gallery-is-layout-flex\">\n<figure class=\"wp-block-image size-large\"><img loading=\"lazy\" decoding=\"async\" width=\"720\" height=\"931\" data-id=\"6491\" src=\"https:\/\/cronicadesoledad.com\/wp-content\/uploads\/2023\/10\/noches-de-terror-sdgs.jpeg\" alt=\"\" class=\"wp-image-6491\" srcset=\"https:\/\/cronicadesoledad.com\/wp-content\/uploads\/2023\/10\/noches-de-terror-sdgs.jpeg 720w, https:\/\/cronicadesoledad.com\/wp-content\/uploads\/2023\/10\/noches-de-terror-sdgs-232x300.jpeg 232w, https:\/\/cronicadesoledad.com\/wp-content\/uploads\/2023\/10\/noches-de-terror-sdgs-696x900.jpeg 696w\" sizes=\"auto, (max-width: 720px) 100vw, 720px\" \/><\/figure>\n\n\n\n<figure class=\"wp-block-image size-large\"><img loading=\"lazy\" decoding=\"async\" width=\"720\" height=\"1018\" data-id=\"6492\" src=\"https:\/\/cronicadesoledad.com\/wp-content\/uploads\/2023\/10\/noches-de-terror-sdgs1.jpeg\" alt=\"\" class=\"wp-image-6492\" srcset=\"https:\/\/cronicadesoledad.com\/wp-content\/uploads\/2023\/10\/noches-de-terror-sdgs1.jpeg 720w, https:\/\/cronicadesoledad.com\/wp-content\/uploads\/2023\/10\/noches-de-terror-sdgs1-212x300.jpeg 212w, https:\/\/cronicadesoledad.com\/wp-content\/uploads\/2023\/10\/noches-de-terror-sdgs1-696x984.jpeg 696w\" sizes=\"auto, (max-width: 720px) 100vw, 720px\" \/><\/figure>\n<\/figure>\n","protected":false},"excerpt":{"rendered":"<p>Recorridos paranormales y presentaci\u00f3n de pel\u00edculas de terror, formar\u00e1n parte de las actividades organizadas por el Instituto de la Juventud en el marco del D\u00eda de Muertos en los Panteones Municipales Uno y Dos. Soledad de Graciano S\u00e1nchez, S.L.P..- Como una propuesta \u00fanica que promete unaexperiencia atractiva y escalofriante a los j\u00f3venes, el Ayuntamiento de [&hellip;]<\/p>\n","protected":false},"author":6,"featured_media":6493,"comment_status":"open","ping_status":"open","sticky":false,"template":"","format":"standard","meta":{"footnotes":""},"categories":[1,24,21],"tags":[223,328,482,29,483,27],"class_list":{"0":"post-6490","1":"post","2":"type-post","3":"status-publish","4":"format-standard","5":"has-post-thumbnail","7":"category-destacadas","8":"category-informacion-general","9":"category-tu-soledad","10":"tag-ayuntamiento-soledense","11":"tag-dia-de-muertos-2","12":"tag-instituto-municipal-de-la-juventud","13":"tag-leonor-noyola","14":"tag-noches-de-terror","15":"tag-soledad"},"_links":{"self":[{"href":"https:\/\/cronicadesoledad.com\/index.php\/wp-json\/wp\/v2\/posts\/6490","targetHints":{"allow":["GET"]}}],"collection":[{"href":"https:\/\/cronicadesoledad.com\/index.php\/wp-json\/wp\/v2\/posts"}],"about":[{"href":"https:\/\/cronicadesoledad.com\/index.php\/wp-json\/wp\/v2\/types\/post"}],"author":[{"embeddable":true,"href":"https:\/\/cronicadesoledad.com\/index.php\/wp-json\/wp\/v2\/users\/6"}],"replies":[{"embeddable":true,"href":"https:\/\/cronicadesoledad.com\/index.php\/wp-json\/wp\/v2\/comments?post=6490"}],"version-history":[{"count":1,"href":"https:\/\/cronicadesoledad.com\/index.php\/wp-json\/wp\/v2\/posts\/6490\/revisions"}],"predecessor-version":[{"id":6494,"href":"https:\/\/cronicadesoledad.com\/index.php\/wp-json\/wp\/v2\/posts\/6490\/revisions\/6494"}],"wp:featuredmedia":[{"embeddable":true,"href":"https:\/\/cronicadesoledad.com\/index.php\/wp-json\/wp\/v2\/media\/6493"}],"wp:attachment":[{"href":"https:\/\/cronicadesoledad.com\/index.php\/wp-json\/wp\/v2\/media?parent=6490"}],"wp:term":[{"taxonomy":"category","embeddable":true,"href":"https:\/\/cronicadesoledad.com\/index.php\/wp-json\/wp\/v2\/categories?post=6490"},{"taxonomy":"post_tag","embeddable":true,"href":"https:\/\/cronicadesoledad.com\/index.php\/wp-json\/wp\/v2\/tags?post=6490"}],"curies":[{"name":"wp","href":"https:\/\/api.w.org\/{rel}","templated":true}]}}