{"id":6499,"date":"2023-10-23T22:11:11","date_gmt":"2023-10-24T04:11:11","guid":{"rendered":"https:\/\/cronicadesoledad.com\/?p=6499"},"modified":"2023-10-23T22:11:12","modified_gmt":"2023-10-24T04:11:12","slug":"inician-actividades-por-dia-de-muertos","status":"publish","type":"post","link":"https:\/\/cronicadesoledad.com\/index.php\/2023\/10\/23\/inician-actividades-por-dia-de-muertos\/","title":{"rendered":"Inician actividades por D\u00eda de Muertos"},"content":{"rendered":"\n<p>Siendo la primera actividad contemplada en el programa del Festival de D\u00eda de Muertos y Xantolo en Soledad de Graciano S\u00e1nchez, la Alcaldesa, Leonor Noyola Cervantes, acompa\u00f1ada de integrantes de su gabinete y productores soledenses, realiz\u00f3 el corte simb\u00f3lico de la Flor de Cempas\u00fachil en la comunidad Palma de la Cruz, lo cual marca el comienzo de una de las festividades m\u00e1s arraigadas y de mayor tradici\u00f3n en el municipio.<\/p>\n\n\n\n<p>Durante el evento, las y los asistentes disfrutaron de leyendas y m\u00fasica que los y las hicieron vivir el fervor del significado de esta fecha, que arranca con m\u00faltiples actividades a partir de este lunes; en la realizaci\u00f3n de este corte simb\u00f3lico, no pod\u00eda faltar el atole y la nieve de Cempas\u00fachil elaborado por manos soledenses, adem\u00e1s del tradicional olor y color de la temporada, sin dejar de lado las catrinas y el papel picado.<\/p>\n\n\n\n<p>Durante su intervenci\u00f3n, Noyola Cervantes celebr\u00f3 que su municipio se mantenga como uno de los grandes productores de esta flor a nivel nacional, adem\u00e1s reconoci\u00f3 el trabajo de los agricultores del Huizache, C\u00e1ndido Navarro, Enrique Estrada y Palma de la Cruz quienes tambi\u00e9n se dieron cita en el evento de corte: &#8220;si\u00e9ntanse orgullosos Palma de la Cruz, porque aqu\u00ed iniciamos con el Xantolo y Festival de D\u00eda de Muertos, hoy venimos a realizar el corte de esta flor de 20 p\u00e9talos que refleja la vida despu\u00e9s de la muerte&#8221;.<\/p>\n\n\n\n<p>Este a\u00f1o, el municipio destaca nuevamente por la importante producci\u00f3n de flores como la mano de le\u00f3n y Cempas\u00fachil, por lo que se espera sean cultivadas cerca de 25 hect\u00e1reas en la regi\u00f3n, lo cual equivale a m\u00e1s de 60 toneladas de este emblem\u00e1tico s\u00edmbolo, lo que ubica a la localidad como uno de los principales productores de Cempas\u00fachil en M\u00e9xico.<\/p>\n\n\n\n<p>La jefa de gobierno municipal se\u00f1al\u00f3 que la producci\u00f3n de esta Flor satisface la demanda local, pero tambi\u00e9n la de otras entidades derivado de la exportaci\u00f3n que se realiza a diferentes Estados de la Rep\u00fablica, incluyendo destinos como Tamaulipas, Coahuila, Nuevo Le\u00f3n, entre otros: &#8220;agradezco a ejidatarios y productores de la flor significativa para M\u00e9xico y Soledad&#8221;. En el evento se cont\u00f3 con la presencia del secretario General del Ayuntamiento, Ernesto Jes\u00fas Barajas \u00c1brego; el Oficial Mayor del Ayuntamiento, Alejandro Serrano Cort\u00e9s; la presidenta del Sistema Municipal DIF, Mar\u00eda del Pilar Cardona Reyna; Diana Blanco, representante de la Secretaria de Cultura del Estado; adem\u00e1s de directores, subdirectores, productores y miembros de la ciudadan\u00eda en general.<\/p>\n","protected":false},"excerpt":{"rendered":"<p>Siendo la primera actividad contemplada en el programa del Festival de D\u00eda de Muertos y Xantolo en Soledad de Graciano S\u00e1nchez, la Alcaldesa, Leonor Noyola Cervantes, acompa\u00f1ada de integrantes de su gabinete y productores soledenses, realiz\u00f3 el corte simb\u00f3lico de la Flor de Cempas\u00fachil en la comunidad Palma de la Cruz, lo cual marca el [&hellip;]<\/p>\n","protected":false},"author":2,"featured_media":6500,"comment_status":"open","ping_status":"open","sticky":false,"template":"","format":"standard","meta":{"footnotes":""},"categories":[30,1,24,21],"tags":[81,223,487,328,29,294,27],"class_list":{"0":"post-6499","1":"post","2":"type-post","3":"status-publish","4":"format-standard","5":"has-post-thumbnail","7":"category-de-la-region-centro","8":"category-destacadas","9":"category-informacion-general","10":"category-tu-soledad","11":"tag-alcaldesa-soledense","12":"tag-ayuntamiento-soledense","13":"tag-cempasuchil","14":"tag-dia-de-muertos-2","15":"tag-leonor-noyola","16":"tag-san-luis","17":"tag-soledad"},"_links":{"self":[{"href":"https:\/\/cronicadesoledad.com\/index.php\/wp-json\/wp\/v2\/posts\/6499","targetHints":{"allow":["GET"]}}],"collection":[{"href":"https:\/\/cronicadesoledad.com\/index.php\/wp-json\/wp\/v2\/posts"}],"about":[{"href":"https:\/\/cronicadesoledad.com\/index.php\/wp-json\/wp\/v2\/types\/post"}],"author":[{"embeddable":true,"href":"https:\/\/cronicadesoledad.com\/index.php\/wp-json\/wp\/v2\/users\/2"}],"replies":[{"embeddable":true,"href":"https:\/\/cronicadesoledad.com\/index.php\/wp-json\/wp\/v2\/comments?post=6499"}],"version-history":[{"count":1,"href":"https:\/\/cronicadesoledad.com\/index.php\/wp-json\/wp\/v2\/posts\/6499\/revisions"}],"predecessor-version":[{"id":6501,"href":"https:\/\/cronicadesoledad.com\/index.php\/wp-json\/wp\/v2\/posts\/6499\/revisions\/6501"}],"wp:featuredmedia":[{"embeddable":true,"href":"https:\/\/cronicadesoledad.com\/index.php\/wp-json\/wp\/v2\/media\/6500"}],"wp:attachment":[{"href":"https:\/\/cronicadesoledad.com\/index.php\/wp-json\/wp\/v2\/media?parent=6499"}],"wp:term":[{"taxonomy":"category","embeddable":true,"href":"https:\/\/cronicadesoledad.com\/index.php\/wp-json\/wp\/v2\/categories?post=6499"},{"taxonomy":"post_tag","embeddable":true,"href":"https:\/\/cronicadesoledad.com\/index.php\/wp-json\/wp\/v2\/tags?post=6499"}],"curies":[{"name":"wp","href":"https:\/\/api.w.org\/{rel}","templated":true}]}}