{"id":6502,"date":"2023-10-23T22:16:59","date_gmt":"2023-10-24T04:16:59","guid":{"rendered":"https:\/\/cronicadesoledad.com\/?p=6502"},"modified":"2023-10-23T22:16:59","modified_gmt":"2023-10-24T04:16:59","slug":"anuncian-programa-de-descuentos-en-recargos-por-impuesto-predial","status":"publish","type":"post","link":"https:\/\/cronicadesoledad.com\/index.php\/2023\/10\/23\/anuncian-programa-de-descuentos-en-recargos-por-impuesto-predial\/","title":{"rendered":"Anuncian programa de descuentos en recargos por impuesto predial"},"content":{"rendered":"\n<p>El Ayuntamiento de Soledad de Graciano S\u00e1nchez anuncia la implementaci\u00f3n del programa \u201cPagando a tiempo, ahorras m\u00e1s\u201d, el cual busca incentivar a las y los ciudadanos a ponerse al d\u00eda en el pago del impuesto predial, ofreciendo descuentos del 100, 60 y 40 por ciento en recargos por este concepto, mismo que estar\u00e1 vigente durante los meses de octubre y noviembre.<\/p>\n\n\n\n<p>Mayela Monserrat Mart\u00ednez Mart\u00ednez, directora de Catastro Municipal, detall\u00f3 que en apoyo a la econom\u00eda de las familia, este a\u00f1o 2023 se incluye el beneficio para propietarios de predios tipo 3 \u2013lotes bald\u00edos- con una extensi\u00f3n no mayor a 90 metros cuadrados.<\/p>\n\n\n\n<p>Explic\u00f3 que, del 3 al 16 de noviembre, se otorgar\u00e1 descuento del 100 por ciento en multas y recargos, \u201clo que representa una excelente oportunidad para aquellos contribuyentes que tengan deudas pendientes\u201d; posteriormente, del 16 al 30 de noviembre, el descuento ser\u00e1 del 60 por ciento, seguido de un descuento del 40 por ciento del 1 al 15 de diciembre.<\/p>\n\n\n\n<p>Invit\u00f3 a la poblaci\u00f3n en general a que aprovechar estos descuentos y dar valor a su patrimonio; agreg\u00f3 que el pago se puede realizar en las oficinas recaudadoras del Ayuntamiento, en un horario de 8 de la ma\u00f1ana a 5 de la tarde, de lunes a viernes y los s\u00e1bados de 9 de la ma\u00f1ana a 1 de la tarde, en las oficinas de Negrete #106 y Blas Escontr\u00eda #832, ambas ubicaciones en Cabecera municipal.<\/p>\n\n\n\n<p>Adem\u00e1s, se implementar\u00e1 la caja m\u00f3vil que estar\u00e1 operando de lunes a viernes de 9 de la ma\u00f1ana a 2 de la tarde; el calendario de ubicaciones donde estar\u00e1 disponible se dar\u00e1 a conocer a trav\u00e9s de las redes sociales oficiales del Ayuntamiento. Esta medida busca facilitar el pago a aquellos ciudadanas y ciudadanos que no puedan acudir a las oficinas recaudadoras, explic\u00f3 Mart\u00ednez Mart\u00ednez.<\/p>\n","protected":false},"excerpt":{"rendered":"<p>El Ayuntamiento de Soledad de Graciano S\u00e1nchez anuncia la implementaci\u00f3n del programa \u201cPagando a tiempo, ahorras m\u00e1s\u201d, el cual busca incentivar a las y los ciudadanos a ponerse al d\u00eda en el pago del impuesto predial, ofreciendo descuentos del 100, 60 y 40 por ciento en recargos por este concepto, mismo que estar\u00e1 vigente durante [&hellip;]<\/p>\n","protected":false},"author":2,"featured_media":3614,"comment_status":"open","ping_status":"open","sticky":false,"template":"","format":"standard","meta":{"footnotes":""},"categories":[30,1,24,21],"tags":[223,489,488,294,27],"class_list":{"0":"post-6502","1":"post","2":"type-post","3":"status-publish","4":"format-standard","5":"has-post-thumbnail","7":"category-de-la-region-centro","8":"category-destacadas","9":"category-informacion-general","10":"category-tu-soledad","11":"tag-ayuntamiento-soledense","12":"tag-descuentos","13":"tag-impuesto-predial","14":"tag-san-luis","15":"tag-soledad"},"_links":{"self":[{"href":"https:\/\/cronicadesoledad.com\/index.php\/wp-json\/wp\/v2\/posts\/6502","targetHints":{"allow":["GET"]}}],"collection":[{"href":"https:\/\/cronicadesoledad.com\/index.php\/wp-json\/wp\/v2\/posts"}],"about":[{"href":"https:\/\/cronicadesoledad.com\/index.php\/wp-json\/wp\/v2\/types\/post"}],"author":[{"embeddable":true,"href":"https:\/\/cronicadesoledad.com\/index.php\/wp-json\/wp\/v2\/users\/2"}],"replies":[{"embeddable":true,"href":"https:\/\/cronicadesoledad.com\/index.php\/wp-json\/wp\/v2\/comments?post=6502"}],"version-history":[{"count":1,"href":"https:\/\/cronicadesoledad.com\/index.php\/wp-json\/wp\/v2\/posts\/6502\/revisions"}],"predecessor-version":[{"id":6503,"href":"https:\/\/cronicadesoledad.com\/index.php\/wp-json\/wp\/v2\/posts\/6502\/revisions\/6503"}],"wp:featuredmedia":[{"embeddable":true,"href":"https:\/\/cronicadesoledad.com\/index.php\/wp-json\/wp\/v2\/media\/3614"}],"wp:attachment":[{"href":"https:\/\/cronicadesoledad.com\/index.php\/wp-json\/wp\/v2\/media?parent=6502"}],"wp:term":[{"taxonomy":"category","embeddable":true,"href":"https:\/\/cronicadesoledad.com\/index.php\/wp-json\/wp\/v2\/categories?post=6502"},{"taxonomy":"post_tag","embeddable":true,"href":"https:\/\/cronicadesoledad.com\/index.php\/wp-json\/wp\/v2\/tags?post=6502"}],"curies":[{"name":"wp","href":"https:\/\/api.w.org\/{rel}","templated":true}]}}