{"id":6507,"date":"2023-10-24T12:55:37","date_gmt":"2023-10-24T18:55:37","guid":{"rendered":"https:\/\/cronicadesoledad.com\/?p=6507"},"modified":"2023-10-24T12:55:38","modified_gmt":"2023-10-24T18:55:38","slug":"las-protestas-y-el-paro-del-poder-judicial-continuan","status":"publish","type":"post","link":"https:\/\/cronicadesoledad.com\/index.php\/2023\/10\/24\/las-protestas-y-el-paro-del-poder-judicial-continuan\/","title":{"rendered":"Las protestas y el paro del Poder Judicial contin\u00faan"},"content":{"rendered":"\n<h2 class=\"wp-block-heading\">Est\u00e1n considerando extender el paro de labores hasta noviembre.<\/h2>\n\n\n\n<p>Las manifestaciones de los trabajadores del Poder Judicial contin\u00faan desde su inicio el pasado 16 de octubre. Se intensificaron desde que la C\u00e1mara de Diputados aprob\u00f3 el dictamen con el que se extinguen los fideicomisos del Poder judicial.\u00a0<\/p>\n\n\n\n<p>Miembros de los Sindicatos analizan extender el paro en tribunales y juzgados hasta el 15 de noviembre si la reforma avanza al Congreso de la Uni\u00f3n. El secretario general del Sindicato Nacional de Renovaci\u00f3n de los Trabajadores del Poder Judicial, Juan Alberto Prado G\u00f3mez, mencion\u00f3 que a\u00fan est\u00e1n analizando esta opci\u00f3n, est\u00e1n a la espera de la determinaci\u00f3n del Senado para decidir si extender el paro.<\/p>\n\n\n\n<p>Para realizar el an\u00e1lisis de esta reforma la ministra presidenta de la Corte, Norma Pi\u00f1a, estaba considerada dentro de este di\u00e1logo. Sin embargo, la ministra se neg\u00f3 a asistir ante la \u201cfalta de condiciones\u201d para poder discutir la iniciativa.&nbsp;<\/p>\n\n\n\n<p>Su ausencia en esta discusi\u00f3n, se debe a que el coordinador de Morena en el Senado, Eduardo Ram\u00edrez rechaz\u00f3 la reuni\u00f3n con la ministra para hablar de esta reforma y lo que conlleva.&nbsp;<\/p>\n\n\n\n<p>Seguiremos informando sobre el desarrollo de esta noticia.&nbsp;<\/p>\n","protected":false},"excerpt":{"rendered":"<p>Est\u00e1n considerando extender el paro de labores hasta noviembre. Las manifestaciones de los trabajadores del Poder Judicial contin\u00faan desde su inicio el pasado 16 de octubre. Se intensificaron desde que la C\u00e1mara de Diputados aprob\u00f3 el dictamen con el que se extinguen los fideicomisos del Poder judicial.\u00a0 Miembros de los Sindicatos analizan extender el paro [&hellip;]<\/p>\n","protected":false},"author":6,"featured_media":6508,"comment_status":"open","ping_status":"open","sticky":false,"template":"","format":"standard","meta":{"footnotes":""},"categories":[1,24],"tags":[287,452,419,420,294],"class_list":{"0":"post-6507","1":"post","2":"type-post","3":"status-publish","4":"format-standard","5":"has-post-thumbnail","7":"category-destacadas","8":"category-informacion-general","9":"tag-nacional","10":"tag-paro-poder-judicial","11":"tag-poder-judicial","12":"tag-protestas-poder-judicial","13":"tag-san-luis"},"_links":{"self":[{"href":"https:\/\/cronicadesoledad.com\/index.php\/wp-json\/wp\/v2\/posts\/6507","targetHints":{"allow":["GET"]}}],"collection":[{"href":"https:\/\/cronicadesoledad.com\/index.php\/wp-json\/wp\/v2\/posts"}],"about":[{"href":"https:\/\/cronicadesoledad.com\/index.php\/wp-json\/wp\/v2\/types\/post"}],"author":[{"embeddable":true,"href":"https:\/\/cronicadesoledad.com\/index.php\/wp-json\/wp\/v2\/users\/6"}],"replies":[{"embeddable":true,"href":"https:\/\/cronicadesoledad.com\/index.php\/wp-json\/wp\/v2\/comments?post=6507"}],"version-history":[{"count":1,"href":"https:\/\/cronicadesoledad.com\/index.php\/wp-json\/wp\/v2\/posts\/6507\/revisions"}],"predecessor-version":[{"id":6509,"href":"https:\/\/cronicadesoledad.com\/index.php\/wp-json\/wp\/v2\/posts\/6507\/revisions\/6509"}],"wp:featuredmedia":[{"embeddable":true,"href":"https:\/\/cronicadesoledad.com\/index.php\/wp-json\/wp\/v2\/media\/6508"}],"wp:attachment":[{"href":"https:\/\/cronicadesoledad.com\/index.php\/wp-json\/wp\/v2\/media?parent=6507"}],"wp:term":[{"taxonomy":"category","embeddable":true,"href":"https:\/\/cronicadesoledad.com\/index.php\/wp-json\/wp\/v2\/categories?post=6507"},{"taxonomy":"post_tag","embeddable":true,"href":"https:\/\/cronicadesoledad.com\/index.php\/wp-json\/wp\/v2\/tags?post=6507"}],"curies":[{"name":"wp","href":"https:\/\/api.w.org\/{rel}","templated":true}]}}