{"id":6513,"date":"2023-10-24T13:14:26","date_gmt":"2023-10-24T19:14:26","guid":{"rendered":"https:\/\/cronicadesoledad.com\/?p=6513"},"modified":"2023-10-24T13:14:26","modified_gmt":"2023-10-24T19:14:26","slug":"fallo-en-las-escaleras-del-metro-de-cdmx-deja-7-lesionados","status":"publish","type":"post","link":"https:\/\/cronicadesoledad.com\/index.php\/2023\/10\/24\/fallo-en-las-escaleras-del-metro-de-cdmx-deja-7-lesionados\/","title":{"rendered":"Fallo en las escaleras del Metro de CDMX deja 7 lesionados"},"content":{"rendered":"\n<p>Por la ma\u00f1ana de este martes se suscit\u00f3 un accidente en el Metro de Polanco, las escaleras del metro se detuvieron y despu\u00e9s comenzaron a retroceder, esta provoc\u00f3 la ca\u00edda de las personas que iban sobre las escaleras y dej\u00f3 un saldo de 7 heridos.&nbsp;<\/p>\n\n\n\n<p>El Sistema de Transporte Colectivo inform\u00f3 que el t\u00e9cnicos ya se encontraban revisando las escaleras para repararlas y determinar la causa del accidente.&nbsp; \u201cEl equipo de t\u00e9cnicos del Metro, as\u00ed como de incidentes relevantes, determinar\u00e1n la causa de este hecho\u201d.&nbsp;<\/p>\n\n\n\n<p>Hasta el momento ninguno de los usuarios involucrados present\u00f3 heridas de gravedad, pero fueron ya reciben atenci\u00f3n m\u00e9dica.&nbsp;<\/p>\n","protected":false},"excerpt":{"rendered":"<p>Por la ma\u00f1ana de este martes se suscit\u00f3 un accidente en el Metro de Polanco, las escaleras del metro se detuvieron y despu\u00e9s comenzaron a retroceder, esta provoc\u00f3 la ca\u00edda de las personas que iban sobre las escaleras y dej\u00f3 un saldo de 7 heridos.&nbsp; El Sistema de Transporte Colectivo inform\u00f3 que el t\u00e9cnicos ya [&hellip;]<\/p>\n","protected":false},"author":6,"featured_media":6514,"comment_status":"open","ping_status":"open","sticky":false,"template":"","format":"standard","meta":{"footnotes":""},"categories":[1,24],"tags":[496,498,495,497,287],"class_list":{"0":"post-6513","1":"post","2":"type-post","3":"status-publish","4":"format-standard","5":"has-post-thumbnail","7":"category-destacadas","8":"category-informacion-general","9":"tag-accidente-metro-cdmx","10":"tag-cdmx","11":"tag-metro-cdmx","12":"tag-metro-polanco","13":"tag-nacional"},"_links":{"self":[{"href":"https:\/\/cronicadesoledad.com\/index.php\/wp-json\/wp\/v2\/posts\/6513","targetHints":{"allow":["GET"]}}],"collection":[{"href":"https:\/\/cronicadesoledad.com\/index.php\/wp-json\/wp\/v2\/posts"}],"about":[{"href":"https:\/\/cronicadesoledad.com\/index.php\/wp-json\/wp\/v2\/types\/post"}],"author":[{"embeddable":true,"href":"https:\/\/cronicadesoledad.com\/index.php\/wp-json\/wp\/v2\/users\/6"}],"replies":[{"embeddable":true,"href":"https:\/\/cronicadesoledad.com\/index.php\/wp-json\/wp\/v2\/comments?post=6513"}],"version-history":[{"count":1,"href":"https:\/\/cronicadesoledad.com\/index.php\/wp-json\/wp\/v2\/posts\/6513\/revisions"}],"predecessor-version":[{"id":6515,"href":"https:\/\/cronicadesoledad.com\/index.php\/wp-json\/wp\/v2\/posts\/6513\/revisions\/6515"}],"wp:featuredmedia":[{"embeddable":true,"href":"https:\/\/cronicadesoledad.com\/index.php\/wp-json\/wp\/v2\/media\/6514"}],"wp:attachment":[{"href":"https:\/\/cronicadesoledad.com\/index.php\/wp-json\/wp\/v2\/media?parent=6513"}],"wp:term":[{"taxonomy":"category","embeddable":true,"href":"https:\/\/cronicadesoledad.com\/index.php\/wp-json\/wp\/v2\/categories?post=6513"},{"taxonomy":"post_tag","embeddable":true,"href":"https:\/\/cronicadesoledad.com\/index.php\/wp-json\/wp\/v2\/tags?post=6513"}],"curies":[{"name":"wp","href":"https:\/\/api.w.org\/{rel}","templated":true}]}}