{"id":6531,"date":"2023-10-25T12:31:54","date_gmt":"2023-10-25T18:31:54","guid":{"rendered":"https:\/\/cronicadesoledad.com\/?p=6531"},"modified":"2023-10-25T12:31:55","modified_gmt":"2023-10-25T18:31:55","slug":"edson-con-3-anos-cumplio-su-sueno-de-ser-policia","status":"publish","type":"post","link":"https:\/\/cronicadesoledad.com\/index.php\/2023\/10\/25\/edson-con-3-anos-cumplio-su-sueno-de-ser-policia\/","title":{"rendered":"Edson: con 3 a\u00f1os cumpli\u00f3 su sue\u00f1o de ser polic\u00eda"},"content":{"rendered":"\n<p>Edson Joan Antonio Hern\u00e1ndez, un valiente ni\u00f1o de tres a\u00f1os de edad, originario de la comunidad de Aguazarca en el municipio de Tamazunchale, lucha contra un padecimiento en el coraz\u00f3n, que lo hace enfrentar m\u00e1s obst\u00e1culos en su corta edad, y en medio de las adversidades, no pierde el sue\u00f1o de ser polic\u00eda, mismo que se cumpli\u00f3 la ma\u00f1ana de este martes.<\/p>\n\n\n\n<p>Su inspiradora historia se ha hecho realidad gracias a la colaboraci\u00f3n de la Fundaci\u00f3n \u00abCumple Un Sue\u00f1o\u00bb, el Sistema DIF de Soledad, con la presidenta Pilar Cardona Reyna a la cabeza, as\u00ed como a la direcci\u00f3n de Educaci\u00f3n del municipio, con el profesor Jos\u00e9 Juan Castro Castillo.<\/p>\n\n\n\n<p>A pesar de los desaf\u00edos que Edson ha enfrentado debido a su condici\u00f3n card\u00edaca, nunca renunci\u00f3 a su sue\u00f1o de convertirse en polic\u00eda. La colaboraci\u00f3n y el apoyo de estas instituciones hicieron posible su ingreso a las filas de la Polic\u00eda Municipal de Soledad.<\/p>\n\n\n\n<p>La emocionante jornada comenz\u00f3 temprano cuando el jefe de la polic\u00eda, acompa\u00f1ado de agentes del \u00e1rea de Proximidad Social, visit\u00f3 el albergue que se encuentra junto al Hospital Central para entregarle su uniforme, convirti\u00e9ndolo oficialmente en un miembro del cuerpo de agentes soledenses.<\/p>\n\n\n\n<p>Posteriormente, Edson se dirigi\u00f3 a la comandancia central, donde fue recibido con aplausos y presenci\u00f3 la ceremonia de honores a la bandera. Durante la ceremonia, se repiti\u00f3 el lema del cuerpo policial, \u00abHonor, Lealtad y Honradez\u00bb, que todos los integrantes juran cumplir. Finalmente, Edson asumi\u00f3 el cargo de comisario honorario en un emotivo acto.<\/p>\n\n\n\n<p>Despu\u00e9s de la ceremonia, acompa\u00f1\u00f3 a H\u00e9ctor Mar del \u00c1ngel a su oficina, donde ocup\u00f3 el asiento del comisario y comenz\u00f3 a dar \u00f3rdenes al personal. Su valent\u00eda y determinaci\u00f3n inspiran a seguir luchando por un mejor pa\u00eds.<\/p>\n","protected":false},"excerpt":{"rendered":"<p>Edson Joan Antonio Hern\u00e1ndez, un valiente ni\u00f1o de tres a\u00f1os de edad, originario de la comunidad de Aguazarca en el municipio de Tamazunchale, lucha contra un padecimiento en el coraz\u00f3n, que lo hace enfrentar m\u00e1s obst\u00e1culos en su corta edad, y en medio de las adversidades, no pierde el sue\u00f1o de ser polic\u00eda, mismo que [&hellip;]<\/p>\n","protected":false},"author":6,"featured_media":6532,"comment_status":"open","ping_status":"open","sticky":false,"template":"","format":"standard","meta":{"footnotes":""},"categories":[30,1,24,21],"tags":[513,512,367,294,27],"class_list":{"0":"post-6531","1":"post","2":"type-post","3":"status-publish","4":"format-standard","5":"has-post-thumbnail","7":"category-de-la-region-centro","8":"category-destacadas","9":"category-informacion-general","10":"category-tu-soledad","11":"tag-dif-soledad","12":"tag-nino-policia","13":"tag-policia","14":"tag-san-luis","15":"tag-soledad"},"_links":{"self":[{"href":"https:\/\/cronicadesoledad.com\/index.php\/wp-json\/wp\/v2\/posts\/6531","targetHints":{"allow":["GET"]}}],"collection":[{"href":"https:\/\/cronicadesoledad.com\/index.php\/wp-json\/wp\/v2\/posts"}],"about":[{"href":"https:\/\/cronicadesoledad.com\/index.php\/wp-json\/wp\/v2\/types\/post"}],"author":[{"embeddable":true,"href":"https:\/\/cronicadesoledad.com\/index.php\/wp-json\/wp\/v2\/users\/6"}],"replies":[{"embeddable":true,"href":"https:\/\/cronicadesoledad.com\/index.php\/wp-json\/wp\/v2\/comments?post=6531"}],"version-history":[{"count":1,"href":"https:\/\/cronicadesoledad.com\/index.php\/wp-json\/wp\/v2\/posts\/6531\/revisions"}],"predecessor-version":[{"id":6533,"href":"https:\/\/cronicadesoledad.com\/index.php\/wp-json\/wp\/v2\/posts\/6531\/revisions\/6533"}],"wp:featuredmedia":[{"embeddable":true,"href":"https:\/\/cronicadesoledad.com\/index.php\/wp-json\/wp\/v2\/media\/6532"}],"wp:attachment":[{"href":"https:\/\/cronicadesoledad.com\/index.php\/wp-json\/wp\/v2\/media?parent=6531"}],"wp:term":[{"taxonomy":"category","embeddable":true,"href":"https:\/\/cronicadesoledad.com\/index.php\/wp-json\/wp\/v2\/categories?post=6531"},{"taxonomy":"post_tag","embeddable":true,"href":"https:\/\/cronicadesoledad.com\/index.php\/wp-json\/wp\/v2\/tags?post=6531"}],"curies":[{"name":"wp","href":"https:\/\/api.w.org\/{rel}","templated":true}]}}