{"id":6545,"date":"2023-10-25T20:49:17","date_gmt":"2023-10-26T02:49:17","guid":{"rendered":"https:\/\/cronicadesoledad.com\/?p=6545"},"modified":"2023-10-25T20:49:19","modified_gmt":"2023-10-26T02:49:19","slug":"red-a-m-o-r-contabiliza-23-colonias-visitadas","status":"publish","type":"post","link":"https:\/\/cronicadesoledad.com\/index.php\/2023\/10\/25\/red-a-m-o-r-contabiliza-23-colonias-visitadas\/","title":{"rendered":"Red \u201cA.M.O.R\u201d contabiliza 23 colonias visitadas"},"content":{"rendered":"\n<p>Con m\u00e1s de 100 atenciones a mujeres en probable situaci\u00f3n de vulnerabilidad, la red de apoyo &#8220;A.M.O.R.&#8221; avanza en el municipio de Soledad de Graciano S\u00e1nchez, al atender el fen\u00f3meno de la violencia de g\u00e9nero a trav\u00e9s de acciones de concientizaci\u00f3n y prevenci\u00f3n, entre la poblaci\u00f3n de todas las edades, asever\u00f3 la coordinadora del programa, Isabel Navarrete P\u00e9rez.<\/p>\n\n\n\n<p>Hasta la fecha, el programa ha asistido a 23 colonias, la m\u00e1s reciente visita se realiz\u00f3 en la zona de Hogares Populares Pav\u00f3n, en donde un importante n\u00famero de mujeres se uni\u00f3 a la red de apoyo con la finalidad de ser parte del motor de cambio que ha arrancado la autoridad municipal.<\/p>\n\n\n\n<p>En cada sesi\u00f3n, se brinda un promedio de entre 10 y 20 atenciones a ciudadanas que buscan asesor\u00eda legal, psicol\u00f3gica o de orientaci\u00f3n para solucionar diversas situaciones familiares, \u201cnotablemente, m\u00e1s de cinco personas han logrado resolver sus problemas de manera inmediata gracias al apoyo de profesionales comprometidos con ofrecer ayuda a quienes requieren atenci\u00f3n urgente&#8221;, dijo.<\/p>\n\n\n\n<p>Agreg\u00f3 que este esfuerzo, encabezado por la Alcaldesa, Leonor Noyola Cervantes, ha tenido un impacto significativo en la comunidad, ya que varias personas han sido sometidas a procesos legales por incurrir en alg\u00fan tipo de violaci\u00f3n, lo que demuestra la colaboraci\u00f3n de la iniciativa en la lucha contra la violencia de g\u00e9nero en Soledad de Graciano S\u00e1nchez.<\/p>\n\n\n\n<p>El compromiso del Ayuntamiento es claro, por ello, espera que, para el cierre de este a\u00f1o, el programa haya visitado m\u00e1s de 40 colonias del municipio, &#8220;para nosotros es sumamente importante erradicar la violencia de g\u00e9nero y brindar apoyo a quienes lo necesitan, nuestros esfuerzos y nuestra lucha no cesar\u00e1 tal y como lo ha instruido la alcaldesa&#8221;, concluy\u00f3.<\/p>\n","protected":false},"excerpt":{"rendered":"<p>Con m\u00e1s de 100 atenciones a mujeres en probable situaci\u00f3n de vulnerabilidad, la red de apoyo &#8220;A.M.O.R.&#8221; avanza en el municipio de Soledad de Graciano S\u00e1nchez, al atender el fen\u00f3meno de la violencia de g\u00e9nero a trav\u00e9s de acciones de concientizaci\u00f3n y prevenci\u00f3n, entre la poblaci\u00f3n de todas las edades, asever\u00f3 la coordinadora del programa, [&hellip;]<\/p>\n","protected":false},"author":2,"featured_media":6546,"comment_status":"open","ping_status":"open","sticky":false,"template":"","format":"standard","meta":{"footnotes":""},"categories":[30,1,24,21],"tags":[474,446,223,29,318,294,27],"class_list":{"0":"post-6545","1":"post","2":"type-post","3":"status-publish","4":"format-standard","5":"has-post-thumbnail","7":"category-de-la-region-centro","8":"category-destacadas","9":"category-informacion-general","10":"category-tu-soledad","11":"tag-amor","12":"tag-apoyo","13":"tag-ayuntamiento-soledense","14":"tag-leonor-noyola","15":"tag-mujeres","16":"tag-san-luis","17":"tag-soledad"},"_links":{"self":[{"href":"https:\/\/cronicadesoledad.com\/index.php\/wp-json\/wp\/v2\/posts\/6545","targetHints":{"allow":["GET"]}}],"collection":[{"href":"https:\/\/cronicadesoledad.com\/index.php\/wp-json\/wp\/v2\/posts"}],"about":[{"href":"https:\/\/cronicadesoledad.com\/index.php\/wp-json\/wp\/v2\/types\/post"}],"author":[{"embeddable":true,"href":"https:\/\/cronicadesoledad.com\/index.php\/wp-json\/wp\/v2\/users\/2"}],"replies":[{"embeddable":true,"href":"https:\/\/cronicadesoledad.com\/index.php\/wp-json\/wp\/v2\/comments?post=6545"}],"version-history":[{"count":1,"href":"https:\/\/cronicadesoledad.com\/index.php\/wp-json\/wp\/v2\/posts\/6545\/revisions"}],"predecessor-version":[{"id":6547,"href":"https:\/\/cronicadesoledad.com\/index.php\/wp-json\/wp\/v2\/posts\/6545\/revisions\/6547"}],"wp:featuredmedia":[{"embeddable":true,"href":"https:\/\/cronicadesoledad.com\/index.php\/wp-json\/wp\/v2\/media\/6546"}],"wp:attachment":[{"href":"https:\/\/cronicadesoledad.com\/index.php\/wp-json\/wp\/v2\/media?parent=6545"}],"wp:term":[{"taxonomy":"category","embeddable":true,"href":"https:\/\/cronicadesoledad.com\/index.php\/wp-json\/wp\/v2\/categories?post=6545"},{"taxonomy":"post_tag","embeddable":true,"href":"https:\/\/cronicadesoledad.com\/index.php\/wp-json\/wp\/v2\/tags?post=6545"}],"curies":[{"name":"wp","href":"https:\/\/api.w.org\/{rel}","templated":true}]}}