{"id":6593,"date":"2023-10-27T12:51:38","date_gmt":"2023-10-27T18:51:38","guid":{"rendered":"https:\/\/cronicadesoledad.com\/?p=6593"},"modified":"2023-10-27T12:51:38","modified_gmt":"2023-10-27T18:51:38","slug":"reina-el-caos-en-acapulco","status":"publish","type":"post","link":"https:\/\/cronicadesoledad.com\/index.php\/2023\/10\/27\/reina-el-caos-en-acapulco\/","title":{"rendered":"Reina el caos en Acapulco"},"content":{"rendered":"\n<h2 class=\"wp-block-heading\">Damnificados mencionan que no hay autoridad alguna en el lugar. <\/h2>\n\n\n\n<p>La falta de agua, luz y comunicaci\u00f3n han generado un caos enorme en puerto de Acapulco. En los \u00faltimos d\u00edas han aumentado los saqueos a todo tipo de comercio e incluso a inmuebles privados destruidos.&nbsp;<\/p>\n\n\n\n<p>Los saqueos han estado ocurriendo en plena luz del d\u00eda, bajo los 35\u00b0C a los que ha llegado a sentir los acapulque\u00f1os y bajo la mirada de los saldados que asisten la emergencia barriendo y recogiendo los escombros del desastre.&nbsp;<\/p>\n\n\n\n<p>La tard\u00eda respuesta de parte de las autoridades estatales y federales apenas comenz\u00f3 a verse el d\u00eda de ayer. Se anunci\u00f3 el env\u00edo de mil 300 guardias nacionales y 10 mil militares para apoyar durante esta contingencia.\u00a0<\/p>\n\n\n\n<figure class=\"wp-block-embed aligncenter is-type-rich is-provider-twitter wp-block-embed-twitter\"><div class=\"wp-block-embed__wrapper\">\n<blockquote class=\"twitter-tweet\" data-width=\"550\" data-dnt=\"true\"><p lang=\"es\" dir=\"ltr\">\u201cEn mi casa no hay suficiente comida, pero no por eso voy a robar, a saquear cosas que en este momento no se necesitan\u201d, as\u00ed contin\u00faa la rapi\u00f1a en comercios de <a href=\"https:\/\/twitter.com\/hashtag\/Acapulco?src=hash&amp;ref_src=twsrc%5Etfw\">#Acapulco<\/a> tras el hurac\u00e1n <a href=\"https:\/\/twitter.com\/hashtag\/Otis?src=hash&amp;ref_src=twsrc%5Etfw\">#Otis<\/a>. Algunos pobladores temen que los robos tambi\u00e9n ocurran en sus casas: <a href=\"https:\/\/t.co\/Ea0SOEQO5h\">pic.twitter.com\/Ea0SOEQO5h<\/a><\/p>&mdash; Ciro G\u00f3mez Leyva (@CiroGomezL) <a href=\"https:\/\/twitter.com\/CiroGomezL\/status\/1717909514928746573?ref_src=twsrc%5Etfw\">October 27, 2023<\/a><\/blockquote><script async src=\"https:\/\/platform.twitter.com\/widgets.js\" charset=\"utf-8\"><\/script>\n<\/div><\/figure>\n\n\n\n<p>Sobre la costera no hubo una tienda que no fuera saqueada, los almacenes, agencias de autos, paqueter\u00edas fueron robadas, incluso han comenzado a robar el combustible y las bater\u00edas de los autos.&nbsp;<\/p>\n\n\n\n<p>Personas damnificadas mencionan que en estos momentos no existe autoridad alguna, los militares incluso han participado de los saqueos de v\u00edveres y hasta el d\u00eda de ayer no sab\u00edan nada de la Alcaldesa Abelina L\u00f3pez o la Gobernadora Evelyn Salgado.&nbsp;<\/p>\n\n\n\n<p>El caos ha subido tanto de nivel que incluso 30 horas despu\u00e9s de que el hurac\u00e1n tocara tierra los cuerpos de varias personas siguen en la calle, algunos cubiertos por lonas o cobijas, pero permanecen a la vista de la gente y siendo un foco de infecci\u00f3n.&nbsp;<\/p>\n\n\n\n<p>Aunque seg\u00fan el informe oficial de parte del presidente, son 27 los muertos, la gente menciona que han visto de veinte cuerpos a lo largo de Acapulco.&nbsp;<\/p>\n\n\n\n<p>Lo mantendremos informado sobre el desarrollo de esta noticia.&nbsp;<\/p>\n","protected":false},"excerpt":{"rendered":"<p>Damnificados mencionan que no hay autoridad alguna en el lugar. La falta de agua, luz y comunicaci\u00f3n han generado un caos enorme en puerto de Acapulco. En los \u00faltimos d\u00edas han aumentado los saqueos a todo tipo de comercio e incluso a inmuebles privados destruidos.&nbsp; Los saqueos han estado ocurriendo en plena luz del d\u00eda, [&hellip;]<\/p>\n","protected":false},"author":6,"featured_media":6594,"comment_status":"open","ping_status":"open","sticky":false,"template":"","format":"standard","meta":{"footnotes":""},"categories":[1,24,21],"tags":[249,515,539,514,288,287],"class_list":{"0":"post-6593","1":"post","2":"type-post","3":"status-publish","4":"format-standard","5":"has-post-thumbnail","7":"category-destacadas","8":"category-informacion-general","9":"category-tu-soledad","10":"tag-acapulco","11":"tag-guerrero","12":"tag-huracan-en-acapulco","13":"tag-huracan-otis","14":"tag-internacional","15":"tag-nacional"},"_links":{"self":[{"href":"https:\/\/cronicadesoledad.com\/index.php\/wp-json\/wp\/v2\/posts\/6593","targetHints":{"allow":["GET"]}}],"collection":[{"href":"https:\/\/cronicadesoledad.com\/index.php\/wp-json\/wp\/v2\/posts"}],"about":[{"href":"https:\/\/cronicadesoledad.com\/index.php\/wp-json\/wp\/v2\/types\/post"}],"author":[{"embeddable":true,"href":"https:\/\/cronicadesoledad.com\/index.php\/wp-json\/wp\/v2\/users\/6"}],"replies":[{"embeddable":true,"href":"https:\/\/cronicadesoledad.com\/index.php\/wp-json\/wp\/v2\/comments?post=6593"}],"version-history":[{"count":1,"href":"https:\/\/cronicadesoledad.com\/index.php\/wp-json\/wp\/v2\/posts\/6593\/revisions"}],"predecessor-version":[{"id":6595,"href":"https:\/\/cronicadesoledad.com\/index.php\/wp-json\/wp\/v2\/posts\/6593\/revisions\/6595"}],"wp:featuredmedia":[{"embeddable":true,"href":"https:\/\/cronicadesoledad.com\/index.php\/wp-json\/wp\/v2\/media\/6594"}],"wp:attachment":[{"href":"https:\/\/cronicadesoledad.com\/index.php\/wp-json\/wp\/v2\/media?parent=6593"}],"wp:term":[{"taxonomy":"category","embeddable":true,"href":"https:\/\/cronicadesoledad.com\/index.php\/wp-json\/wp\/v2\/categories?post=6593"},{"taxonomy":"post_tag","embeddable":true,"href":"https:\/\/cronicadesoledad.com\/index.php\/wp-json\/wp\/v2\/tags?post=6593"}],"curies":[{"name":"wp","href":"https:\/\/api.w.org\/{rel}","templated":true}]}}