{"id":6605,"date":"2023-10-27T20:00:00","date_gmt":"2023-10-28T02:00:00","guid":{"rendered":"https:\/\/cronicadesoledad.com\/?p=6605"},"modified":"2023-10-27T19:40:06","modified_gmt":"2023-10-28T01:40:06","slug":"educacion-soledense-emite-recomendaciones-ante-temporada-invernal","status":"publish","type":"post","link":"https:\/\/cronicadesoledad.com\/index.php\/2023\/10\/27\/educacion-soledense-emite-recomendaciones-ante-temporada-invernal\/","title":{"rendered":"Educaci\u00f3n soledense emite recomendaciones ante temporada invernal"},"content":{"rendered":"\n<p>En busca de salvaguardar la integridad y prevenir enfermedades entre las y los estudiantes de Soledad de Graciano S\u00e1nchez durante la temporada invernal, la Direcci\u00f3n de Educaci\u00f3n y Acci\u00f3n C\u00edvica emiti\u00f3 una serie de recomendaciones dirigidas a las y los padres de familias, docentes y directivos de los diferentes centros educativos.<\/p>\n\n\n\n<p>De acuerdo a Jos\u00e9 Juan Castro Castillo, responsable de la dependencia municipal, una de las principales recomendaciones es instar a padres y madres de familia a que env\u00eden a sus hijas e hijos a la escuela con ropa abrigadora, e hizo hincapi\u00e9 en la importancia de mantener filtros preventivos en escuelas y en casa, ya que son cruciales para prevenir la propagaci\u00f3n de enfermedades.<\/p>\n\n\n\n<p>Asever\u00f3 que, en caso de detectar alguna enfermedad en menores, se exhorta a resguardarlos y llevarlos a una consulta m\u00e9dica; de ser necesario, se les sugiere permitirles descansar en casa durante algunos d\u00edas para evitar un posible contagio dentro del plantel. Adem\u00e1s, resalt\u00f3 que, aunque el uso de cubrebocas ya no es obligatorio, se enfatiza su importancia para prevenir cualquier tipo de contagio.<\/p>\n\n\n\n<p>Asimismo, en relaci\u00f3n a las vacunas, el funcionario hizo especial \u00e9nfasis en la importancia de participar en las campa\u00f1as de vacunaci\u00f3n que se est\u00e1n llevando a cabo para enfrentar la temporada invernal, en donde la inmunizaci\u00f3n es fundamental para proteger la salud de las y los alumnos y de la comunidad en general.<\/p>\n\n\n\n<p>Ante el pron\u00f3stico de las bajas temperaturas, se solicita a las escuelas permitir a las y los estudiantes portar el pants oficial o cualquier otra ropa abrigadora adicional con el objetivo de garantizar que las y los alumnos est\u00e9n c\u00f3modos y protegidos durante su estancia en las instalaciones educativas.<\/p>\n","protected":false},"excerpt":{"rendered":"<p>En busca de salvaguardar la integridad y prevenir enfermedades entre las y los estudiantes de Soledad de Graciano S\u00e1nchez durante la temporada invernal, la Direcci\u00f3n de Educaci\u00f3n y Acci\u00f3n C\u00edvica emiti\u00f3 una serie de recomendaciones dirigidas a las y los padres de familias, docentes y directivos de los diferentes centros educativos. De acuerdo a Jos\u00e9 [&hellip;]<\/p>\n","protected":false},"author":2,"featured_media":6606,"comment_status":"open","ping_status":"open","sticky":false,"template":"","format":"standard","meta":{"footnotes":""},"categories":[30,1,24,21],"tags":[223,345,320,445,294,27],"class_list":{"0":"post-6605","1":"post","2":"type-post","3":"status-publish","4":"format-standard","5":"has-post-thumbnail","7":"category-de-la-region-centro","8":"category-destacadas","9":"category-informacion-general","10":"category-tu-soledad","11":"tag-ayuntamiento-soledense","12":"tag-clima","13":"tag-educacion","14":"tag-invierno","15":"tag-san-luis","16":"tag-soledad"},"_links":{"self":[{"href":"https:\/\/cronicadesoledad.com\/index.php\/wp-json\/wp\/v2\/posts\/6605","targetHints":{"allow":["GET"]}}],"collection":[{"href":"https:\/\/cronicadesoledad.com\/index.php\/wp-json\/wp\/v2\/posts"}],"about":[{"href":"https:\/\/cronicadesoledad.com\/index.php\/wp-json\/wp\/v2\/types\/post"}],"author":[{"embeddable":true,"href":"https:\/\/cronicadesoledad.com\/index.php\/wp-json\/wp\/v2\/users\/2"}],"replies":[{"embeddable":true,"href":"https:\/\/cronicadesoledad.com\/index.php\/wp-json\/wp\/v2\/comments?post=6605"}],"version-history":[{"count":1,"href":"https:\/\/cronicadesoledad.com\/index.php\/wp-json\/wp\/v2\/posts\/6605\/revisions"}],"predecessor-version":[{"id":6607,"href":"https:\/\/cronicadesoledad.com\/index.php\/wp-json\/wp\/v2\/posts\/6605\/revisions\/6607"}],"wp:featuredmedia":[{"embeddable":true,"href":"https:\/\/cronicadesoledad.com\/index.php\/wp-json\/wp\/v2\/media\/6606"}],"wp:attachment":[{"href":"https:\/\/cronicadesoledad.com\/index.php\/wp-json\/wp\/v2\/media?parent=6605"}],"wp:term":[{"taxonomy":"category","embeddable":true,"href":"https:\/\/cronicadesoledad.com\/index.php\/wp-json\/wp\/v2\/categories?post=6605"},{"taxonomy":"post_tag","embeddable":true,"href":"https:\/\/cronicadesoledad.com\/index.php\/wp-json\/wp\/v2\/tags?post=6605"}],"curies":[{"name":"wp","href":"https:\/\/api.w.org\/{rel}","templated":true}]}}