{"id":6676,"date":"2023-10-31T12:09:00","date_gmt":"2023-10-31T18:09:00","guid":{"rendered":"https:\/\/cronicadesoledad.com\/?p=6676"},"modified":"2023-10-31T12:09:00","modified_gmt":"2023-10-31T18:09:00","slug":"5mil-migrantes-inician-el-camino-a-eua-desde-chiapas","status":"publish","type":"post","link":"https:\/\/cronicadesoledad.com\/index.php\/2023\/10\/31\/5mil-migrantes-inician-el-camino-a-eua-desde-chiapas\/","title":{"rendered":"5mil migrantes inician el camino a EUA desde Chiapas\u00a0"},"content":{"rendered":"\n<p>La caravana inici\u00f3 desde Tapachula, Chiapas con direcci\u00f3n a Estados Unidos. Dentro de la Caravana se encuentran m\u00e1s de cinco mil migrantes de Am\u00e9rica del Sur y Central, el Carina y Asia.&nbsp;<\/p>\n\n\n\n<p>Muchos de estos migrantes se mantienen a la espera de los autobuses que los llevar\u00e1n al norte de pa\u00eds para poder pedir asilo en el pa\u00eds del norte. La crisis migratoria sigue avanzando d\u00eda a d\u00eda y los migrantes toman m\u00e1s espacio de las calles del pa\u00eds.&nbsp;<\/p>\n\n\n\n<p>En Tutla Oaxaca, los residentes exigen a las autoridades retirar la estaci\u00f3n migratoria, argumentan que nunca se les pregunt\u00f3 si se pod\u00eda hacer eso en el lugar, adem\u00e1s de que muchas familias o grupos de migrantes comienzan a dormir en las calles, en las puertas de sus casas, etc.&nbsp;<\/p>\n","protected":false},"excerpt":{"rendered":"<p>La caravana inici\u00f3 desde Tapachula, Chiapas con direcci\u00f3n a Estados Unidos. Dentro de la Caravana se encuentran m\u00e1s de cinco mil migrantes de Am\u00e9rica del Sur y Central, el Carina y Asia.&nbsp; Muchos de estos migrantes se mantienen a la espera de los autobuses que los llevar\u00e1n al norte de pa\u00eds para poder pedir asilo [&hellip;]<\/p>\n","protected":false},"author":6,"featured_media":6677,"comment_status":"open","ping_status":"open","sticky":false,"template":"","format":"standard","meta":{"footnotes":""},"categories":[30,1,24,21],"tags":[574,288,572,573,287],"class_list":{"0":"post-6676","1":"post","2":"type-post","3":"status-publish","4":"format-standard","5":"has-post-thumbnail","7":"category-de-la-region-centro","8":"category-destacadas","9":"category-informacion-general","10":"category-tu-soledad","11":"tag-caravana-de-migrantes","12":"tag-internacional","13":"tag-migrantes","14":"tag-migrantes-en-mexico","15":"tag-nacional"},"_links":{"self":[{"href":"https:\/\/cronicadesoledad.com\/index.php\/wp-json\/wp\/v2\/posts\/6676","targetHints":{"allow":["GET"]}}],"collection":[{"href":"https:\/\/cronicadesoledad.com\/index.php\/wp-json\/wp\/v2\/posts"}],"about":[{"href":"https:\/\/cronicadesoledad.com\/index.php\/wp-json\/wp\/v2\/types\/post"}],"author":[{"embeddable":true,"href":"https:\/\/cronicadesoledad.com\/index.php\/wp-json\/wp\/v2\/users\/6"}],"replies":[{"embeddable":true,"href":"https:\/\/cronicadesoledad.com\/index.php\/wp-json\/wp\/v2\/comments?post=6676"}],"version-history":[{"count":1,"href":"https:\/\/cronicadesoledad.com\/index.php\/wp-json\/wp\/v2\/posts\/6676\/revisions"}],"predecessor-version":[{"id":6678,"href":"https:\/\/cronicadesoledad.com\/index.php\/wp-json\/wp\/v2\/posts\/6676\/revisions\/6678"}],"wp:featuredmedia":[{"embeddable":true,"href":"https:\/\/cronicadesoledad.com\/index.php\/wp-json\/wp\/v2\/media\/6677"}],"wp:attachment":[{"href":"https:\/\/cronicadesoledad.com\/index.php\/wp-json\/wp\/v2\/media?parent=6676"}],"wp:term":[{"taxonomy":"category","embeddable":true,"href":"https:\/\/cronicadesoledad.com\/index.php\/wp-json\/wp\/v2\/categories?post=6676"},{"taxonomy":"post_tag","embeddable":true,"href":"https:\/\/cronicadesoledad.com\/index.php\/wp-json\/wp\/v2\/tags?post=6676"}],"curies":[{"name":"wp","href":"https:\/\/api.w.org\/{rel}","templated":true}]}}