{"id":6682,"date":"2023-10-31T20:00:00","date_gmt":"2023-11-01T02:00:00","guid":{"rendered":"https:\/\/cronicadesoledad.com\/?p=6682"},"modified":"2023-10-31T18:58:09","modified_gmt":"2023-11-01T00:58:09","slug":"rodada-de-dia-de-muertos-recorrio-las-principales-calles-de-soledad","status":"publish","type":"post","link":"https:\/\/cronicadesoledad.com\/index.php\/2023\/10\/31\/rodada-de-dia-de-muertos-recorrio-las-principales-calles-de-soledad\/","title":{"rendered":"&#8220;Rodada de D\u00eda de Muertos&#8221; recorri\u00f3 las principales calles de Soledad"},"content":{"rendered":"\n<p>Con m\u00e1s de 200 ciclistas entre ni\u00f1os, ni\u00f1as y adultos mayores caracterizados con disfraces alusivos a la temporada, este lunes por la noche, se realiz\u00f3 la edici\u00f3n 2023 de la tradicional &#8220;Rodada de D\u00eda de Muertos&#8221;, que como cada a\u00f1o se convirti\u00f3 en un rotundo \u00e9xito al fomentar la sana convivencia social.<\/p>\n\n\n\n<p>En un alegre ambiente y lleno de creatividad, las y los participantes se destacaron con disfraces de catrinas, zombis, mu\u00f1ecas, duendes diab\u00f3licos, la mujer deforme, el jinete sin cabeza, payasos diab\u00f3licos, pica piedra, entre otros personajes que impregnaron de color el evento que captur\u00f3 el esp\u00edritu de D\u00eda de Muertos.<\/p>\n\n\n\n<p>Al dirigir unas palabras, la Alcaldesa, Leonor Noyola Cervantes reconoci\u00f3 la dedicaci\u00f3n de las y los participantes e invit\u00f3 a que contin\u00faen promoviendo las tradiciones que caracterizan al pueblo mexicano; agradeci\u00f3 a las ni\u00f1as y ni\u00f1os que en esta ocasi\u00f3n se tomaron el tiempo para decorar sus bicicletas y caracterizarse con disfraces \u00fanicos y llenos de originalidad.<\/p>\n\n\n\n<p>Uno de los aspectos m\u00e1s emocionantes de la rodada fue la premiaci\u00f3n. En la categor\u00eda infantil, el tercer lugar fue para Lissandro Herrera, disfrazado del &#8220;Ni\u00f1o l\u00e1piz&#8221;; \u00c1ngel de Jes\u00fas Garc\u00eda, &#8220;El Duende diab\u00f3lico&#8221; fue merecedor del segundo lugar; el primer sitio fue para Regina Loredo, caracterizada de &#8220;Catrina&#8221;.<\/p>\n\n\n\n<p>En la categor\u00eda libre, el primer lugar fue para Jos\u00e9 Manuel Garc\u00eda, disfrazado del &#8220;Jinete sin cabeza&#8221;; el segundo fue para Ismael Casillas, disfrazado de la &#8220;Mu\u00f1eca macabra&#8221; y el tercero fue para Alma Garc\u00eda, que portaba el traje de &#8220;Catrina&#8221;.<\/p>\n\n\n\n<p>La rodada tuvo su punto de inicio y final en el ic\u00f3nico Jard\u00edn Hidalgo en la Cabecera municipal, desde all\u00ed, el recorrido se extendi\u00f3 por las principales avenidas de las colonias Pav\u00f3n, San Felipe, Hogares Populares, Pav\u00f3n; avenidas Acceso Norte y San Pedro, esto permiti\u00f3 a los participantes explorar diferentes \u00e1reas de la comunidad y disfrutar de un paseo \u00fanico en bicicleta.<\/p>\n\n\n\n<p>En este evento se cont\u00f3 con el apoyo de Seguridad P\u00fablica Municipal y de la Coordinaci\u00f3n de Protecci\u00f3n Civil Municipal, que desplegaron un operativo coordinado para cuidar de la integridad de cada uno de los y las participantes, lo cual permiti\u00f3 que la actividad se desarrollar\u00e1 libre de incidencias.<\/p>\n\n\n\n<p>Entre los asistentes a la ceremonia de premiaci\u00f3n destac\u00f3 el Oficial Mayor del Ayuntamiento, Alejandro Serrano Cort\u00e9s; Mariana S\u00e1nchez Mart\u00ednez, Contralora Municipal; Gerardo Sosa de Torres, titular del Instituto Municipal de la Juventud, entre otras importantes personalidades y ciudadan\u00eda.<\/p>\n","protected":false},"excerpt":{"rendered":"<p>Con m\u00e1s de 200 ciclistas entre ni\u00f1os, ni\u00f1as y adultos mayores caracterizados con disfraces alusivos a la temporada, este lunes por la noche, se realiz\u00f3 la edici\u00f3n 2023 de la tradicional &#8220;Rodada de D\u00eda de Muertos&#8221;, que como cada a\u00f1o se convirti\u00f3 en un rotundo \u00e9xito al fomentar la sana convivencia social. En un alegre [&hellip;]<\/p>\n","protected":false},"author":2,"featured_media":6683,"comment_status":"open","ping_status":"open","sticky":false,"template":"","format":"standard","meta":{"footnotes":""},"categories":[30,1,24,21],"tags":[223,28,328,29,563,294,27],"class_list":{"0":"post-6682","1":"post","2":"type-post","3":"status-publish","4":"format-standard","5":"has-post-thumbnail","7":"category-de-la-region-centro","8":"category-destacadas","9":"category-informacion-general","10":"category-tu-soledad","11":"tag-ayuntamiento-soledense","12":"tag-ciclismo","13":"tag-dia-de-muertos-2","14":"tag-leonor-noyola","15":"tag-rodada","16":"tag-san-luis","17":"tag-soledad"},"_links":{"self":[{"href":"https:\/\/cronicadesoledad.com\/index.php\/wp-json\/wp\/v2\/posts\/6682","targetHints":{"allow":["GET"]}}],"collection":[{"href":"https:\/\/cronicadesoledad.com\/index.php\/wp-json\/wp\/v2\/posts"}],"about":[{"href":"https:\/\/cronicadesoledad.com\/index.php\/wp-json\/wp\/v2\/types\/post"}],"author":[{"embeddable":true,"href":"https:\/\/cronicadesoledad.com\/index.php\/wp-json\/wp\/v2\/users\/2"}],"replies":[{"embeddable":true,"href":"https:\/\/cronicadesoledad.com\/index.php\/wp-json\/wp\/v2\/comments?post=6682"}],"version-history":[{"count":1,"href":"https:\/\/cronicadesoledad.com\/index.php\/wp-json\/wp\/v2\/posts\/6682\/revisions"}],"predecessor-version":[{"id":6684,"href":"https:\/\/cronicadesoledad.com\/index.php\/wp-json\/wp\/v2\/posts\/6682\/revisions\/6684"}],"wp:featuredmedia":[{"embeddable":true,"href":"https:\/\/cronicadesoledad.com\/index.php\/wp-json\/wp\/v2\/media\/6683"}],"wp:attachment":[{"href":"https:\/\/cronicadesoledad.com\/index.php\/wp-json\/wp\/v2\/media?parent=6682"}],"wp:term":[{"taxonomy":"category","embeddable":true,"href":"https:\/\/cronicadesoledad.com\/index.php\/wp-json\/wp\/v2\/categories?post=6682"},{"taxonomy":"post_tag","embeddable":true,"href":"https:\/\/cronicadesoledad.com\/index.php\/wp-json\/wp\/v2\/tags?post=6682"}],"curies":[{"name":"wp","href":"https:\/\/api.w.org\/{rel}","templated":true}]}}