{"id":6733,"date":"2023-11-02T19:01:15","date_gmt":"2023-11-03T01:01:15","guid":{"rendered":"https:\/\/cronicadesoledad.com\/?p=6733"},"modified":"2023-11-02T19:01:16","modified_gmt":"2023-11-03T01:01:16","slug":"concluyeron-talleres-de-flor-de-cempasuchil","status":"publish","type":"post","link":"https:\/\/cronicadesoledad.com\/index.php\/2023\/11\/02\/concluyeron-talleres-de-flor-de-cempasuchil\/","title":{"rendered":"Concluyeron talleres de flor de cempas\u00fachil"},"content":{"rendered":"\n<p>Con una respuesta favorable por parte de las y los ciudadanos, concluyeron los talleres de elaboraci\u00f3n de flor de cempas\u00fachil organizados por la Direcci\u00f3n de Participaci\u00f3n Ciudadana del Ayuntamiento de Soledad de Graciano S\u00e1nchez, los cuales fueron totalmente gratuitos y se llevaron a cabo los d\u00edas lunes y viernes, culminando el pasado lunes 30 de octubre, sumando un total de cinco talleres impartidos.<\/p>\n\n\n\n<p>De acuerdo a Mar\u00eda de los \u00c1ngeles P\u00e9rez S\u00e1nchez, directora del \u00e1rea, la iniciativa ten\u00eda como objetivo proporcionar a las y los participantes la oportunidad de aprender una nueva habilidad y adornar sus hogares para las festividades del D\u00eda de Muertos, y lo largo de estos talleres, aproximadamente 90 personas participaron activamente, mostrando gran inter\u00e9s en aprender y perfeccionar la t\u00e9cnica de elaboraci\u00f3n de estas emblem\u00e1ticas flores.<\/p>\n\n\n\n<p>Desatac\u00f3 que la flor de cempas\u00fachil es un elemento esencial en las celebraciones del D\u00eda de Muertos en M\u00e9xico, ya que su colorido y simbolismo la convierten en un adorno muy apreciado y utilizado para honrar a los seres queridos que han partido, por ello estos talleres brindaron a las y los asistentes la oportunidad de conocer la historia y el significado de esta flor, as\u00ed como aprender las t\u00e9cnicas adecuadas para elaborarla.<\/p>\n\n\n\n<p>P\u00e9rez S\u00e1nchez resalt\u00f3 que durante las clases se proporcionaron todos los materiales necesarios, y los participantes recibieron instrucciones paso a paso para crear las flores de cempas\u00fachil y con ayuda del personal y la atenci\u00f3n individualizada, cada persona logr\u00f3 elaborar hermosas y realistas flores que podr\u00e1n utilizar para decorar sus altares o cualquier otro espacio en honor a los que ya no est\u00e1n.<\/p>\n\n\n\n<p>Por \u00faltimo, expres\u00f3 que la Direcci\u00f3n de Participaci\u00f3n Ciudadana del Ayuntamiento de Soledad continuar\u00e1 promoviendo este tipo de actividades en el futuro, buscando involucrar a m\u00e1s personas y enriquecer la vida de la comunidad a trav\u00e9s del aprendizaje y la celebraci\u00f3n de nuestras tradiciones.<\/p>\n","protected":false},"excerpt":{"rendered":"<p>Con una respuesta favorable por parte de las y los ciudadanos, concluyeron los talleres de elaboraci\u00f3n de flor de cempas\u00fachil organizados por la Direcci\u00f3n de Participaci\u00f3n Ciudadana del Ayuntamiento de Soledad de Graciano S\u00e1nchez, los cuales fueron totalmente gratuitos y se llevaron a cabo los d\u00edas lunes y viernes, culminando el pasado lunes 30 de [&hellip;]<\/p>\n","protected":false},"author":2,"featured_media":6734,"comment_status":"open","ping_status":"open","sticky":false,"template":"","format":"standard","meta":{"footnotes":""},"categories":[30,1,24,21],"tags":[81,223,487,328,294,27],"class_list":{"0":"post-6733","1":"post","2":"type-post","3":"status-publish","4":"format-standard","5":"has-post-thumbnail","7":"category-de-la-region-centro","8":"category-destacadas","9":"category-informacion-general","10":"category-tu-soledad","11":"tag-alcaldesa-soledense","12":"tag-ayuntamiento-soledense","13":"tag-cempasuchil","14":"tag-dia-de-muertos-2","15":"tag-san-luis","16":"tag-soledad"},"_links":{"self":[{"href":"https:\/\/cronicadesoledad.com\/index.php\/wp-json\/wp\/v2\/posts\/6733","targetHints":{"allow":["GET"]}}],"collection":[{"href":"https:\/\/cronicadesoledad.com\/index.php\/wp-json\/wp\/v2\/posts"}],"about":[{"href":"https:\/\/cronicadesoledad.com\/index.php\/wp-json\/wp\/v2\/types\/post"}],"author":[{"embeddable":true,"href":"https:\/\/cronicadesoledad.com\/index.php\/wp-json\/wp\/v2\/users\/2"}],"replies":[{"embeddable":true,"href":"https:\/\/cronicadesoledad.com\/index.php\/wp-json\/wp\/v2\/comments?post=6733"}],"version-history":[{"count":1,"href":"https:\/\/cronicadesoledad.com\/index.php\/wp-json\/wp\/v2\/posts\/6733\/revisions"}],"predecessor-version":[{"id":6735,"href":"https:\/\/cronicadesoledad.com\/index.php\/wp-json\/wp\/v2\/posts\/6733\/revisions\/6735"}],"wp:featuredmedia":[{"embeddable":true,"href":"https:\/\/cronicadesoledad.com\/index.php\/wp-json\/wp\/v2\/media\/6734"}],"wp:attachment":[{"href":"https:\/\/cronicadesoledad.com\/index.php\/wp-json\/wp\/v2\/media?parent=6733"}],"wp:term":[{"taxonomy":"category","embeddable":true,"href":"https:\/\/cronicadesoledad.com\/index.php\/wp-json\/wp\/v2\/categories?post=6733"},{"taxonomy":"post_tag","embeddable":true,"href":"https:\/\/cronicadesoledad.com\/index.php\/wp-json\/wp\/v2\/tags?post=6733"}],"curies":[{"name":"wp","href":"https:\/\/api.w.org\/{rel}","templated":true}]}}