{"id":6748,"date":"2023-11-03T18:58:35","date_gmt":"2023-11-04T00:58:35","guid":{"rendered":"https:\/\/cronicadesoledad.com\/?p=6748"},"modified":"2023-11-03T18:58:35","modified_gmt":"2023-11-04T00:58:35","slug":"reportan-saldo-blanco-en-actividades-por-dia-de-muertos","status":"publish","type":"post","link":"https:\/\/cronicadesoledad.com\/index.php\/2023\/11\/03\/reportan-saldo-blanco-en-actividades-por-dia-de-muertos\/","title":{"rendered":"Reportan saldo blanco en actividades por D\u00eda de Muertos"},"content":{"rendered":"\n<p>Derivado de las m\u00faltiples actividades realizadas durante el Festival de D\u00eda de Muertos y Xantolo, as\u00ed como las visitas en panteones en Soledad de Graciano S\u00e1nchez, la Coordinaci\u00f3n Municipal de Protecci\u00f3n Civil report\u00f3 saldo blanco y cero incidencias desde el 27 de octubre y hasta este viernes 03 de noviembre.<\/p>\n\n\n\n<p>Mart\u00edn Bravo Galicia, responsable del \u00e1rea, explic\u00f3 que, durante estos operativos, se tuvieron algunos detalles menores que fueron resueltos de manera r\u00e1pida y oportuna por parte de la Coordinaci\u00f3n, y en donde el organismo se encarg\u00f3 de garantizar la seguridad de las y los ciudadanos que participaron en las diversas actividades culturales y religiosas llevadas a cabo durante estos tradicionales festivales.<\/p>\n\n\n\n<p>Expres\u00f3 que uno de los aspectos m\u00e1s destacados en este operativo fue el despliegue de 50 elementos de Protecci\u00f3n Civil en los diferentes lugares donde se realizaron las actividades, ya que, gracias a esto, se logr\u00f3 asegurar que se cumplieran las medidas de seguridad necesarias, previniendo cualquier incidente que pudiera poner en riesgo a las y los asistentes.<\/p>\n\n\n\n<p>Asimismo, resalt\u00f3 que se llevaron a cabo acciones de coordinaci\u00f3n con otras dependencias municipales y estatales, as\u00ed como con cuerpos de emergencia, garantizando una respuesta inmediata; &#8220;la r\u00e1pida y efectiva comunicaci\u00f3n entre las diferentes entidades involucradas en el operativo fue crucial para mantener el saldo blanco durante todo el desarrollo de la visita de m\u00e1s de 30 mil personas en los panteones municipales y privados en Soledad&#8221;.<\/p>\n\n\n\n<p>Por \u00faltimo, destac\u00f3 la importancia de la colaboraci\u00f3n ciudadana y el cumplimiento de las recomendaciones emitidas para garantizar la seguridad de todas y todos los asistentes.<\/p>\n","protected":false},"excerpt":{"rendered":"<p>Derivado de las m\u00faltiples actividades realizadas durante el Festival de D\u00eda de Muertos y Xantolo, as\u00ed como las visitas en panteones en Soledad de Graciano S\u00e1nchez, la Coordinaci\u00f3n Municipal de Protecci\u00f3n Civil report\u00f3 saldo blanco y cero incidencias desde el 27 de octubre y hasta este viernes 03 de noviembre. Mart\u00edn Bravo Galicia, responsable del [&hellip;]<\/p>\n","protected":false},"author":2,"featured_media":6749,"comment_status":"open","ping_status":"open","sticky":false,"template":"","format":"standard","meta":{"footnotes":""},"categories":[30,1,24,19,21],"tags":[81,223,328,29,525,605,294,27,451],"class_list":{"0":"post-6748","1":"post","2":"type-post","3":"status-publish","4":"format-standard","5":"has-post-thumbnail","7":"category-de-la-region-centro","8":"category-destacadas","9":"category-informacion-general","10":"category-seguridad","11":"category-tu-soledad","12":"tag-alcaldesa-soledense","13":"tag-ayuntamiento-soledense","14":"tag-dia-de-muertos-2","15":"tag-leonor-noyola","16":"tag-proteccion-civil","17":"tag-saldo-blanco","18":"tag-san-luis","19":"tag-soledad","20":"tag-xantolo"},"_links":{"self":[{"href":"https:\/\/cronicadesoledad.com\/index.php\/wp-json\/wp\/v2\/posts\/6748","targetHints":{"allow":["GET"]}}],"collection":[{"href":"https:\/\/cronicadesoledad.com\/index.php\/wp-json\/wp\/v2\/posts"}],"about":[{"href":"https:\/\/cronicadesoledad.com\/index.php\/wp-json\/wp\/v2\/types\/post"}],"author":[{"embeddable":true,"href":"https:\/\/cronicadesoledad.com\/index.php\/wp-json\/wp\/v2\/users\/2"}],"replies":[{"embeddable":true,"href":"https:\/\/cronicadesoledad.com\/index.php\/wp-json\/wp\/v2\/comments?post=6748"}],"version-history":[{"count":1,"href":"https:\/\/cronicadesoledad.com\/index.php\/wp-json\/wp\/v2\/posts\/6748\/revisions"}],"predecessor-version":[{"id":6750,"href":"https:\/\/cronicadesoledad.com\/index.php\/wp-json\/wp\/v2\/posts\/6748\/revisions\/6750"}],"wp:featuredmedia":[{"embeddable":true,"href":"https:\/\/cronicadesoledad.com\/index.php\/wp-json\/wp\/v2\/media\/6749"}],"wp:attachment":[{"href":"https:\/\/cronicadesoledad.com\/index.php\/wp-json\/wp\/v2\/media?parent=6748"}],"wp:term":[{"taxonomy":"category","embeddable":true,"href":"https:\/\/cronicadesoledad.com\/index.php\/wp-json\/wp\/v2\/categories?post=6748"},{"taxonomy":"post_tag","embeddable":true,"href":"https:\/\/cronicadesoledad.com\/index.php\/wp-json\/wp\/v2\/tags?post=6748"}],"curies":[{"name":"wp","href":"https:\/\/api.w.org\/{rel}","templated":true}]}}