{"id":6751,"date":"2023-11-03T20:00:00","date_gmt":"2023-11-04T02:00:00","guid":{"rendered":"https:\/\/cronicadesoledad.com\/?p=6751"},"modified":"2023-11-03T19:00:49","modified_gmt":"2023-11-04T01:00:49","slug":"soledenses-aprovechan-descuentos-en-recargos-por-impuesto-predial","status":"publish","type":"post","link":"https:\/\/cronicadesoledad.com\/index.php\/2023\/11\/03\/soledenses-aprovechan-descuentos-en-recargos-por-impuesto-predial\/","title":{"rendered":"Soledenses aprovechan descuentos en recargos por impuesto predial"},"content":{"rendered":"\n<ul class=\"wp-block-list\">\n<li><strong>Inici\u00f3 este viernes 3 de noviembre, con la eliminaci\u00f3n del 100 por ciento en multas, beneficiando a contribuyentes que este a\u00f1o 2023 no se pusieron al corriente<\/strong><\/li>\n<\/ul>\n\n\n\n<p>Contribuyentes soledenses respondieron activamente al programa de descuentos en recargos por impuesto predial \u201cPagando a tiempo, ahorras m\u00e1s\u201d, que el Ayuntamiento de Soledad de Graciano S\u00e1nchez tendr\u00e1 vigente hasta el pr\u00f3ximo 15 de diciembre, como una alternativa a la protecci\u00f3n de la econom\u00eda familiar y regularizaci\u00f3n de este concepto.<\/p>\n\n\n\n<p>Este viernes, la campa\u00f1a inici\u00f3 con la habilitaci\u00f3n de todas las cajas recaudadoras ubicadas en calle Negrete #106 y calle Blas Escontria #832 de la Cabecera municipal, as\u00ed como en la Unidad \u201cCatastro M\u00f3vil\u201d que diariamente estar\u00e1 recorriendo fraccionamientos y colonias distintas; hoy, estuvo en Privadas de la Hacienda, haciendo validos los descuentos del 100 por ciento.<\/p>\n\n\n\n<p>Guadalupe Guerrero, una de las contribuyentes beneficiadas, calific\u00f3 como un acierto la puesta en marcha de estas iniciativas gubernamentales, para incentivar la regularizaci\u00f3n de este impuesto: \u201ces bueno, uno que a veces batalla en lo econ\u00f3mico y nos hacen descuento, es muy bueno\u201d. La ciudadana dijo que, a trav\u00e9s de redes sociales, fue como se enter\u00f3 de este programa que consider\u00f3 \u201cdeber\u00eda continuar siempre\u201d.<\/p>\n\n\n\n<p>Otro contribuyente interesado en regularizarse en este impuesto, Juan Pablo Reyes expres\u00f3 que esta acci\u00f3n ayuda a quienes por a\u00f1os han dejado de pagar, precisamente, porque se acumulan los recargos con el tiempo; en su caso, ten\u00eda cinco a\u00f1os sin ponerse al corriente y al enterarse del inicio de esta campa\u00f1a acudi\u00f3 a aprovechar el descuento del 100 por ciento.<\/p>\n\n\n\n<p>Por otro lado, Ana Mar\u00eda Vega, habitante del Fraccionamiento San Francisco de As\u00eds, se dijo satisfecha de beneficiarse con este primer est\u00edmulo en descuento, mismo que se otorgar\u00e1 hasta el pr\u00f3ximo 15 de noviembre: \u201csoy seguidora de la p\u00e1gina del municipio, me enter\u00e9 y vine a aprovechar el programa\u201d.<\/p>\n","protected":false},"excerpt":{"rendered":"<p>Contribuyentes soledenses respondieron activamente al programa de descuentos en recargos por impuesto predial \u201cPagando a tiempo, ahorras m\u00e1s\u201d, que el Ayuntamiento de Soledad de Graciano S\u00e1nchez tendr\u00e1 vigente hasta el pr\u00f3ximo 15 de diciembre, como una alternativa a la protecci\u00f3n de la econom\u00eda familiar y regularizaci\u00f3n de este concepto. Este viernes, la campa\u00f1a inici\u00f3 con [&hellip;]<\/p>\n","protected":false},"author":2,"featured_media":6752,"comment_status":"open","ping_status":"open","sticky":false,"template":"","format":"standard","meta":{"footnotes":""},"categories":[30,1,24,21],"tags":[81,223,489,488,29,294,27],"class_list":{"0":"post-6751","1":"post","2":"type-post","3":"status-publish","4":"format-standard","5":"has-post-thumbnail","7":"category-de-la-region-centro","8":"category-destacadas","9":"category-informacion-general","10":"category-tu-soledad","11":"tag-alcaldesa-soledense","12":"tag-ayuntamiento-soledense","13":"tag-descuentos","14":"tag-impuesto-predial","15":"tag-leonor-noyola","16":"tag-san-luis","17":"tag-soledad"},"_links":{"self":[{"href":"https:\/\/cronicadesoledad.com\/index.php\/wp-json\/wp\/v2\/posts\/6751","targetHints":{"allow":["GET"]}}],"collection":[{"href":"https:\/\/cronicadesoledad.com\/index.php\/wp-json\/wp\/v2\/posts"}],"about":[{"href":"https:\/\/cronicadesoledad.com\/index.php\/wp-json\/wp\/v2\/types\/post"}],"author":[{"embeddable":true,"href":"https:\/\/cronicadesoledad.com\/index.php\/wp-json\/wp\/v2\/users\/2"}],"replies":[{"embeddable":true,"href":"https:\/\/cronicadesoledad.com\/index.php\/wp-json\/wp\/v2\/comments?post=6751"}],"version-history":[{"count":1,"href":"https:\/\/cronicadesoledad.com\/index.php\/wp-json\/wp\/v2\/posts\/6751\/revisions"}],"predecessor-version":[{"id":6753,"href":"https:\/\/cronicadesoledad.com\/index.php\/wp-json\/wp\/v2\/posts\/6751\/revisions\/6753"}],"wp:featuredmedia":[{"embeddable":true,"href":"https:\/\/cronicadesoledad.com\/index.php\/wp-json\/wp\/v2\/media\/6752"}],"wp:attachment":[{"href":"https:\/\/cronicadesoledad.com\/index.php\/wp-json\/wp\/v2\/media?parent=6751"}],"wp:term":[{"taxonomy":"category","embeddable":true,"href":"https:\/\/cronicadesoledad.com\/index.php\/wp-json\/wp\/v2\/categories?post=6751"},{"taxonomy":"post_tag","embeddable":true,"href":"https:\/\/cronicadesoledad.com\/index.php\/wp-json\/wp\/v2\/tags?post=6751"}],"curies":[{"name":"wp","href":"https:\/\/api.w.org\/{rel}","templated":true}]}}