{"id":6763,"date":"2023-11-04T11:07:00","date_gmt":"2023-11-04T17:07:00","guid":{"rendered":"https:\/\/cronicadesoledad.com\/?p=6763"},"modified":"2023-11-04T11:07:01","modified_gmt":"2023-11-04T17:07:01","slug":"directiva-del-atletico-de-san-luis-emite-comunicado","status":"publish","type":"post","link":"https:\/\/cronicadesoledad.com\/index.php\/2023\/11\/04\/directiva-del-atletico-de-san-luis-emite-comunicado\/","title":{"rendered":"Directiva del Atl\u00e9tico de San Luis emite comunicado"},"content":{"rendered":"\n<h2 class=\"wp-block-heading\">La Directiva emiti\u00f3 una respuesta ante la pol\u00e9mica con su jugador John Murillo y el el directivo Luis Mario Torres.<\/h2>\n\n\n\n<p>La directiva del Atletico de San Luis a trav\u00e9s de su \u00e1rea de comunicaci\u00f3n social dio a conocer su comunicado son respecto al problema de su jugador Jhon Murillo y directivos Luis Mario Torres se\u00f1alando lo siguiente.<\/p>\n\n\n\n<figure class=\"wp-block-gallery aligncenter has-nested-images columns-default is-cropped wp-block-gallery-1 is-layout-flex wp-block-gallery-is-layout-flex\">\n<figure class=\"wp-block-image size-large\"><img decoding=\"async\" data-id=\"118368\" src=\"https:\/\/regioncentroslp.com\/wp-content\/uploads\/2023\/11\/adsl-mantas-1.jpg\" alt=\"\" class=\"wp-image-118368\"\/><\/figure>\n\n\n\n<figure class=\"wp-block-image size-large\"><img decoding=\"async\" data-id=\"118369\" src=\"https:\/\/regioncentroslp.com\/wp-content\/uploads\/2023\/11\/adsl-mantas2-1.jpg\" alt=\"\" class=\"wp-image-118369\"\/><\/figure>\n<\/figure>\n\n\n\n<p>A LA AFICION, MEDIOS DE COMUNICACI\u00d3N Y PUBLICO EN GENERAL<\/p>\n\n\n\n<p>Respecto a las im\u00e1genes difundidas en diversos medios de comunicaci\u00f3n este d\u00eda, mismas que fueron colocadas en v\u00edas de tr\u00e1nsito en la ciudad de San Luis Potos\u00ed, hacemos de su conocimiento.<\/p>\n\n\n\n<figure class=\"wp-block-image size-large\"><img decoding=\"async\" src=\"https:\/\/regioncentroslp.com\/wp-content\/uploads\/2023\/11\/comunicado-adsl-791x1024.jpg\" alt=\"\" class=\"wp-image-118370\"\/><\/figure>\n\n\n\n<p>1.- Se lleve a cabo una investigaci\u00f3n interna con el fin de recabar la informaci\u00f3n pertinente<\/p>\n\n\n\n<p>2.- Desmentimos las acusaciones se\u00f1aladas contra nuestros directivos en los comunicados gr\u00e1ficos a los que se hace referencia.<\/p>\n\n\n\n<p>Mantendremos comunicaci\u00f3n constantes con las autoridades competentes en la materia con el fin de colaborar para esclarecer cualquier situaci\u00f3n que pudiera surgir respeto del presente.<\/p>\n\n\n\n<p>Reiteraremos nuestros compromiso institucional de trabajar siempre en pro de la constante mejora de nuestro futbol y nuestra sociedad.<\/p>\n\n\n\n<p><\/p>\n","protected":false},"excerpt":{"rendered":"<p>La Directiva emiti\u00f3 una respuesta ante la pol\u00e9mica con su jugador John Murillo y el el directivo Luis Mario Torres. La directiva del Atletico de San Luis a trav\u00e9s de su \u00e1rea de comunicaci\u00f3n social dio a conocer su comunicado son respecto al problema de su jugador Jhon Murillo y directivos Luis Mario Torres se\u00f1alando [&hellip;]<\/p>\n","protected":false},"author":6,"featured_media":6764,"comment_status":"open","ping_status":"open","sticky":false,"template":"","format":"standard","meta":{"footnotes":""},"categories":[20,1,24,21],"tags":[292,615,321,293,294],"class_list":{"0":"post-6763","1":"post","2":"type-post","3":"status-publish","4":"format-standard","5":"has-post-thumbnail","7":"category-cronica-deportiva","8":"category-destacadas","9":"category-informacion-general","10":"category-tu-soledad","11":"tag-adsl","12":"tag-atletico-de-san-luis","13":"tag-cronica-deportiva","14":"tag-futbol-2","15":"tag-san-luis"},"_links":{"self":[{"href":"https:\/\/cronicadesoledad.com\/index.php\/wp-json\/wp\/v2\/posts\/6763","targetHints":{"allow":["GET"]}}],"collection":[{"href":"https:\/\/cronicadesoledad.com\/index.php\/wp-json\/wp\/v2\/posts"}],"about":[{"href":"https:\/\/cronicadesoledad.com\/index.php\/wp-json\/wp\/v2\/types\/post"}],"author":[{"embeddable":true,"href":"https:\/\/cronicadesoledad.com\/index.php\/wp-json\/wp\/v2\/users\/6"}],"replies":[{"embeddable":true,"href":"https:\/\/cronicadesoledad.com\/index.php\/wp-json\/wp\/v2\/comments?post=6763"}],"version-history":[{"count":1,"href":"https:\/\/cronicadesoledad.com\/index.php\/wp-json\/wp\/v2\/posts\/6763\/revisions"}],"predecessor-version":[{"id":6765,"href":"https:\/\/cronicadesoledad.com\/index.php\/wp-json\/wp\/v2\/posts\/6763\/revisions\/6765"}],"wp:featuredmedia":[{"embeddable":true,"href":"https:\/\/cronicadesoledad.com\/index.php\/wp-json\/wp\/v2\/media\/6764"}],"wp:attachment":[{"href":"https:\/\/cronicadesoledad.com\/index.php\/wp-json\/wp\/v2\/media?parent=6763"}],"wp:term":[{"taxonomy":"category","embeddable":true,"href":"https:\/\/cronicadesoledad.com\/index.php\/wp-json\/wp\/v2\/categories?post=6763"},{"taxonomy":"post_tag","embeddable":true,"href":"https:\/\/cronicadesoledad.com\/index.php\/wp-json\/wp\/v2\/tags?post=6763"}],"curies":[{"name":"wp","href":"https:\/\/api.w.org\/{rel}","templated":true}]}}