{"id":6773,"date":"2023-11-06T10:26:25","date_gmt":"2023-11-06T16:26:25","guid":{"rendered":"https:\/\/cronicadesoledad.com\/?p=6773"},"modified":"2023-11-06T10:26:25","modified_gmt":"2023-11-06T16:26:25","slug":"conmemoraron-431-aniversario-de-fundacion-de-san-luis-potosi","status":"publish","type":"post","link":"https:\/\/cronicadesoledad.com\/index.php\/2023\/11\/06\/conmemoraron-431-aniversario-de-fundacion-de-san-luis-potosi\/","title":{"rendered":"Conmemoraron 431 aniversario de fundaci\u00f3n de San Luis Potos\u00ed"},"content":{"rendered":"\n<p>Un 3 de noviembre de 1592 se estableci\u00f3 en este territorio, la Ciudad de San Luis Potos\u00ed, por lo que el pasado viernes, la ciudad capital cumpli\u00f3 431 a\u00f1os de su fundaci\u00f3n asegur\u00f3 el Mtro. Jonatan Gamboa Herrera, historiador y docente de la UASLP.<\/p>\n\n\n\n<p>La capital de San Luis Potos\u00ed es una ciudad tard\u00eda de la Nueva Espa\u00f1a, pues previamente a esos a\u00f1os los espa\u00f1oles andaban buscando minerales preciosos, como oro y plata y descubrieron en el Cerro de San Pedro, esos minerales, pero el problema es que en esa zona no hab\u00eda agua y la orograf\u00eda era dif\u00edcil, por ello decidieron realizar el establecimiento de personas y la ciudad, en lo que ahora son los alrededores de la actual Plaza de los Fundadores y que en aquel tiempo se llam\u00f3 La Ciudad de Villa San Luis de Mexquitic, hoy San Luis Potos\u00ed.<\/p>\n\n\n\n<p>La ciudad a decir del historiador es una amalgama de pr\u00e1cticas sociales de los pueblos que se observa en la actualidad, en el centro de la ciudad es donde se establecen los espa\u00f1oles y ah\u00ed se observan las tradiciones m\u00e1s arraigadas en materia religiosa y en los barrios, que es donde se localizan los pueblos pacificados como los indios: tlaxcaltecas, guachichiles, etc\u00e9tera; los cuales representan las tradiciones ind\u00edgenas originales.<\/p>\n\n\n\n<p>El investigador Universitario asegura que previo a 1592 ocho a\u00f1os antes, estuvo en San Luis Potos\u00ed, Fray Diego de la Magdalena quien realiz\u00f3 un asentamiento previo muy cerca del Barrio de Tequisquiapan, y estableci\u00f3 algunos indios Guachichiles, pero es en 1592 cuando formalmente se establece la ciudad por parte de autoridades espa\u00f1olas, debido a que se localizaron las minas.<\/p>\n\n\n\n<p>En ese momento, a decir del historiador potosino, los espa\u00f1oles no ten\u00edan dimensi\u00f3n de la cantidad de oro y plata que podr\u00edan extraer y eso permiti\u00f3 que se diera la fundaci\u00f3n de los 7 barrios de la capital potosina que es el origen de lo que hoy somos como capital y ciudad e incluso hoy se sabe que esa veta podr\u00eda continuar explot\u00e1ndose, pero se deben cumplir ciertas normas ambientales para poder hacerlo.<\/p>\n\n\n\n<p>El especialista indic\u00f3 que desde un inicio San Luis Potos\u00ed se construy\u00f3 como una ciudad que ha sido cruce de caminos, pues se le conoce como el ombligo de M\u00e9xico, pues as\u00ed est\u00e1n trazadas en la actualidad, las carreteras y los pasos por la capital.<\/p>\n\n\n\n<p>Finalmente detall\u00f3 que San Luis Potos\u00ed capital, es un lugar privilegiado pues representa un paso fundamental para el pa\u00eds, sobre todo por tierra, aunque asegura que en el pasado, cuando se dio la conquista, en un principio no hab\u00eda el conocimiento exacto del territorio pues se debe recordar que primero se fund\u00f3 la ciudad de Zacatecas que fue explorado en un principio y posteriormente se dio la fundaci\u00f3n de San Luis, debido a que la conquista del territorio por parte de los espa\u00f1oles fue m\u00e1s complicado por la lucha con los indios Chichimecas, que estaban establecidos en la regi\u00f3n, y les represent\u00f3 muchas luchas conocidas ahora por la historia como de \u201cpacificaci\u00f3n\u201d, todo ello representa lo que actualmente es la ciudad de San Luis Potos\u00ed.<\/p>\n","protected":false},"excerpt":{"rendered":"<p>Un 3 de noviembre de 1592 se estableci\u00f3 en este territorio, la Ciudad de San Luis Potos\u00ed, por lo que el pasado viernes, la ciudad capital cumpli\u00f3 431 a\u00f1os de su fundaci\u00f3n asegur\u00f3 el Mtro. Jonatan Gamboa Herrera, historiador y docente de la UASLP. La capital de San Luis Potos\u00ed es una ciudad tard\u00eda de [&hellip;]<\/p>\n","protected":false},"author":6,"featured_media":6774,"comment_status":"open","ping_status":"open","sticky":false,"template":"","format":"standard","meta":{"footnotes":""},"categories":[30,1,21],"tags":[622,623,294,261,27],"class_list":{"0":"post-6773","1":"post","2":"type-post","3":"status-publish","4":"format-standard","5":"has-post-thumbnail","7":"category-de-la-region-centro","8":"category-destacadas","9":"category-tu-soledad","10":"tag-aniversario-slp","11":"tag-fundacion-slp","12":"tag-san-luis","13":"tag-slp","14":"tag-soledad"},"_links":{"self":[{"href":"https:\/\/cronicadesoledad.com\/index.php\/wp-json\/wp\/v2\/posts\/6773","targetHints":{"allow":["GET"]}}],"collection":[{"href":"https:\/\/cronicadesoledad.com\/index.php\/wp-json\/wp\/v2\/posts"}],"about":[{"href":"https:\/\/cronicadesoledad.com\/index.php\/wp-json\/wp\/v2\/types\/post"}],"author":[{"embeddable":true,"href":"https:\/\/cronicadesoledad.com\/index.php\/wp-json\/wp\/v2\/users\/6"}],"replies":[{"embeddable":true,"href":"https:\/\/cronicadesoledad.com\/index.php\/wp-json\/wp\/v2\/comments?post=6773"}],"version-history":[{"count":1,"href":"https:\/\/cronicadesoledad.com\/index.php\/wp-json\/wp\/v2\/posts\/6773\/revisions"}],"predecessor-version":[{"id":6775,"href":"https:\/\/cronicadesoledad.com\/index.php\/wp-json\/wp\/v2\/posts\/6773\/revisions\/6775"}],"wp:featuredmedia":[{"embeddable":true,"href":"https:\/\/cronicadesoledad.com\/index.php\/wp-json\/wp\/v2\/media\/6774"}],"wp:attachment":[{"href":"https:\/\/cronicadesoledad.com\/index.php\/wp-json\/wp\/v2\/media?parent=6773"}],"wp:term":[{"taxonomy":"category","embeddable":true,"href":"https:\/\/cronicadesoledad.com\/index.php\/wp-json\/wp\/v2\/categories?post=6773"},{"taxonomy":"post_tag","embeddable":true,"href":"https:\/\/cronicadesoledad.com\/index.php\/wp-json\/wp\/v2\/tags?post=6773"}],"curies":[{"name":"wp","href":"https:\/\/api.w.org\/{rel}","templated":true}]}}