{"id":6776,"date":"2023-11-06T10:29:46","date_gmt":"2023-11-06T16:29:46","guid":{"rendered":"https:\/\/cronicadesoledad.com\/?p=6776"},"modified":"2023-11-06T10:29:46","modified_gmt":"2023-11-06T16:29:46","slug":"la-comedia-dosmilera-que-estara-en-la-cineteca-alameda","status":"publish","type":"post","link":"https:\/\/cronicadesoledad.com\/index.php\/2023\/11\/06\/la-comedia-dosmilera-que-estara-en-la-cineteca-alameda\/","title":{"rendered":"La comedia dosmilera que estar\u00e1 en la Cineteca Alameda"},"content":{"rendered":"\n<p>La Cineteca Alameda proyectar\u00e1 una matin\u00e9e, esta vez con la pel\u00edcula \u201cAtl\u00e9tico San Pancho\u201d (2001); una comedia mexicana del director Gustavo Loza apta para todas las edades.<\/p>\n\n\n\n<p>Se podr\u00e1 disfrutar de este divertido filme en compa\u00f1\u00eda de toda la familia el domingo 5 de noviembre a las 13:00hrs y posteriormente a las 17:00hrs y, debido a que la entrada es totalmente gratuita, no ser\u00e1 necesario adquirir boleto alguno para pasar una tarde divertida y diferente.<\/p>\n\n\n\n<p>Sinopsis de Atl\u00e9tico San Pancho:<\/p>\n\n\n\n<p>San Francisco del Monte, pueblo cien por ciento minero y cuna del f\u00fatbol mexicano, se distingui\u00f3 durante d\u00e9cadas por ser semillero de estrellas del balompi\u00e9 nacional, sin embargo hace a\u00f1os que la pasi\u00f3n por el futbol ha desaparecido y con ella se fueron los campeonatos y la alegr\u00eda de este deporte. Don Pepe, viejo de 60 a\u00f1os, amante del f\u00fatbol y conserje de una escuela primaria, y To\u00f1o, ni\u00f1o de 9 a\u00f1os e hijo de un ex-futbolista, al que le ha ca\u00eddo un bal\u00f3n del cielo, han decidido junto con sus amigos, La Torta y el Hormiga, hacer un equipo de f\u00fatbol y volverle a dar a San Pancho, la alegr\u00eda de conquistar un campeonato de f\u00fatbol<a href=\"https:\/\/cultivarte.mx\/\">.<\/a><\/p>\n\n\n\n<figure class=\"wp-block-image\"><a href=\"https:\/\/regioncentroslp.com\/wp-content\/uploads\/2023\/11\/Atletico-San-Pancho-La-comedia-dosmilera-que-estara-en-la-Cineteca-Alameda2.jpg\"><img decoding=\"async\" src=\"https:\/\/regioncentroslp.com\/wp-content\/uploads\/2023\/11\/Atletico-San-Pancho-La-comedia-dosmilera-que-estara-en-la-Cineteca-Alameda2-1024x576.jpg\" alt=\"\" class=\"wp-image-118437\"\/><\/a><\/figure>\n","protected":false},"excerpt":{"rendered":"<p>La Cineteca Alameda proyectar\u00e1 una matin\u00e9e, esta vez con la pel\u00edcula \u201cAtl\u00e9tico San Pancho\u201d (2001); una comedia mexicana del director Gustavo Loza apta para todas las edades. Se podr\u00e1 disfrutar de este divertido filme en compa\u00f1\u00eda de toda la familia el domingo 5 de noviembre a las 13:00hrs y posteriormente a las 17:00hrs y, debido [&hellip;]<\/p>\n","protected":false},"author":6,"featured_media":6778,"comment_status":"open","ping_status":"open","sticky":false,"template":"","format":"standard","meta":{"footnotes":""},"categories":[30,1,21],"tags":[312,624,626,294,261],"class_list":{"0":"post-6776","1":"post","2":"type-post","3":"status-publish","4":"format-standard","5":"has-post-thumbnail","7":"category-de-la-region-centro","8":"category-destacadas","9":"category-tu-soledad","10":"tag-cine","11":"tag-cineteca-alameda","12":"tag-comedia","13":"tag-san-luis","14":"tag-slp"},"_links":{"self":[{"href":"https:\/\/cronicadesoledad.com\/index.php\/wp-json\/wp\/v2\/posts\/6776","targetHints":{"allow":["GET"]}}],"collection":[{"href":"https:\/\/cronicadesoledad.com\/index.php\/wp-json\/wp\/v2\/posts"}],"about":[{"href":"https:\/\/cronicadesoledad.com\/index.php\/wp-json\/wp\/v2\/types\/post"}],"author":[{"embeddable":true,"href":"https:\/\/cronicadesoledad.com\/index.php\/wp-json\/wp\/v2\/users\/6"}],"replies":[{"embeddable":true,"href":"https:\/\/cronicadesoledad.com\/index.php\/wp-json\/wp\/v2\/comments?post=6776"}],"version-history":[{"count":1,"href":"https:\/\/cronicadesoledad.com\/index.php\/wp-json\/wp\/v2\/posts\/6776\/revisions"}],"predecessor-version":[{"id":6779,"href":"https:\/\/cronicadesoledad.com\/index.php\/wp-json\/wp\/v2\/posts\/6776\/revisions\/6779"}],"wp:featuredmedia":[{"embeddable":true,"href":"https:\/\/cronicadesoledad.com\/index.php\/wp-json\/wp\/v2\/media\/6778"}],"wp:attachment":[{"href":"https:\/\/cronicadesoledad.com\/index.php\/wp-json\/wp\/v2\/media?parent=6776"}],"wp:term":[{"taxonomy":"category","embeddable":true,"href":"https:\/\/cronicadesoledad.com\/index.php\/wp-json\/wp\/v2\/categories?post=6776"},{"taxonomy":"post_tag","embeddable":true,"href":"https:\/\/cronicadesoledad.com\/index.php\/wp-json\/wp\/v2\/tags?post=6776"}],"curies":[{"name":"wp","href":"https:\/\/api.w.org\/{rel}","templated":true}]}}