{"id":6783,"date":"2023-11-06T12:29:11","date_gmt":"2023-11-06T18:29:11","guid":{"rendered":"https:\/\/cronicadesoledad.com\/?p=6783"},"modified":"2023-11-06T12:29:12","modified_gmt":"2023-11-06T18:29:12","slug":"se-confirma-samuel-garcia-por-la-presidencia","status":"publish","type":"post","link":"https:\/\/cronicadesoledad.com\/index.php\/2023\/11\/06\/se-confirma-samuel-garcia-por-la-presidencia\/","title":{"rendered":"Se confirma: Samuel Garc\u00eda por la presidencia"},"content":{"rendered":"\n<h2 class=\"wp-block-heading\">El mandatario de Nuevo Le\u00f3n realizar\u00e1 su registro como candidato el pr\u00f3ximo 12 de noviembre.\u00a0<\/h2>\n\n\n\n<p>Durante la revelaci\u00f3n de la primera placa conmemorativa para le 2000 aniversario de Nuevo Le\u00f3n, Samuel Garc\u00eda, gobernador de Muevo Le\u00f3n, confirm\u00f3 que buscar\u00e1 compartir por la Presidencia de la Rep\u00fablica en 2024.&nbsp;<\/p>\n\n\n\n<p>\u201c\u00bfQuieren que Mariana lleve Capullos a todo M\u00e9xico?, entonces&nbsp;vamos por la presidencia de la Rep\u00fablica Marianis. Vamos a darle con todo&nbsp;para que lo que hemos logrado en Nuevo Le\u00f3n lo podamos replicar en todo M\u00e9xico\u201d, dijo el Garc\u00eda.<\/p>\n\n\n\n<p>Tras destaparse como futuro candidato el gobernante recibi\u00f3 fuertes cr\u00edticas pues hace un tiempo prometi\u00f3 no repetir la historia de Jaime Rodr\u00edguez Calder\u00f3n \u201cEl Bronco\u201d ex candidato a la presidencia del pa\u00eds.&nbsp;<\/p>\n\n\n\n<p>La licencia para estar libre del cargo de Samuel Garc\u00eda fue aprobada por el Congreso local, le otorgaron seis meses a partir del 2 de diciembre.&nbsp;<\/p>\n","protected":false},"excerpt":{"rendered":"<p>El mandatario de Nuevo Le\u00f3n realizar\u00e1 su registro como candidato el pr\u00f3ximo 12 de noviembre.\u00a0 Durante la revelaci\u00f3n de la primera placa conmemorativa para le 2000 aniversario de Nuevo Le\u00f3n, Samuel Garc\u00eda, gobernador de Muevo Le\u00f3n, confirm\u00f3 que buscar\u00e1 compartir por la Presidencia de la Rep\u00fablica en 2024.&nbsp; \u201c\u00bfQuieren que Mariana lleve Capullos a todo [&hellip;]<\/p>\n","protected":false},"author":6,"featured_media":6784,"comment_status":"open","ping_status":"open","sticky":false,"template":"","format":"standard","meta":{"footnotes":""},"categories":[1,24,21],"tags":[259,287,478,629,480],"class_list":{"0":"post-6783","1":"post","2":"type-post","3":"status-publish","4":"format-standard","5":"has-post-thumbnail","7":"category-destacadas","8":"category-informacion-general","9":"category-tu-soledad","10":"tag-elecciones-2024","11":"tag-nacional","12":"tag-nuevo-leon","13":"tag-presidencia-2024","14":"tag-samuel-garcia"},"_links":{"self":[{"href":"https:\/\/cronicadesoledad.com\/index.php\/wp-json\/wp\/v2\/posts\/6783","targetHints":{"allow":["GET"]}}],"collection":[{"href":"https:\/\/cronicadesoledad.com\/index.php\/wp-json\/wp\/v2\/posts"}],"about":[{"href":"https:\/\/cronicadesoledad.com\/index.php\/wp-json\/wp\/v2\/types\/post"}],"author":[{"embeddable":true,"href":"https:\/\/cronicadesoledad.com\/index.php\/wp-json\/wp\/v2\/users\/6"}],"replies":[{"embeddable":true,"href":"https:\/\/cronicadesoledad.com\/index.php\/wp-json\/wp\/v2\/comments?post=6783"}],"version-history":[{"count":1,"href":"https:\/\/cronicadesoledad.com\/index.php\/wp-json\/wp\/v2\/posts\/6783\/revisions"}],"predecessor-version":[{"id":6785,"href":"https:\/\/cronicadesoledad.com\/index.php\/wp-json\/wp\/v2\/posts\/6783\/revisions\/6785"}],"wp:featuredmedia":[{"embeddable":true,"href":"https:\/\/cronicadesoledad.com\/index.php\/wp-json\/wp\/v2\/media\/6784"}],"wp:attachment":[{"href":"https:\/\/cronicadesoledad.com\/index.php\/wp-json\/wp\/v2\/media?parent=6783"}],"wp:term":[{"taxonomy":"category","embeddable":true,"href":"https:\/\/cronicadesoledad.com\/index.php\/wp-json\/wp\/v2\/categories?post=6783"},{"taxonomy":"post_tag","embeddable":true,"href":"https:\/\/cronicadesoledad.com\/index.php\/wp-json\/wp\/v2\/tags?post=6783"}],"curies":[{"name":"wp","href":"https:\/\/api.w.org\/{rel}","templated":true}]}}