{"id":6790,"date":"2023-11-06T19:00:00","date_gmt":"2023-11-07T01:00:00","guid":{"rendered":"https:\/\/cronicadesoledad.com\/?p=6790"},"modified":"2023-11-06T17:48:02","modified_gmt":"2023-11-06T23:48:02","slug":"inicia-campana-canasta-digna-a-favor-de-la-poblacion-mas-vulnerable","status":"publish","type":"post","link":"https:\/\/cronicadesoledad.com\/index.php\/2023\/11\/06\/inicia-campana-canasta-digna-a-favor-de-la-poblacion-mas-vulnerable\/","title":{"rendered":"Inicia campa\u00f1a \u201cCanasta Digna\u201d, a favor de la poblaci\u00f3n m\u00e1s vulnerable"},"content":{"rendered":"\n<p>La coordinaci\u00f3n de Participaci\u00f3n Ciudadana del Ayuntamiento de Soledad de Graciano S\u00e1nchez inici\u00f3 la campa\u00f1a \u201cCanasta Digna\u201d, la cual tiene como objetivo principal ser una alternativa m\u00e1s de apoyo a la poblaci\u00f3n m\u00e1s vulnerable, dijo la responsable, Mar\u00eda de los \u00c1ngeles P\u00e9rez S\u00e1nchez.<\/p>\n\n\n\n<p>A trav\u00e9s de esta iniciativa, y con el apoyo de la ciudadan\u00eda en general, se pretende conformar m\u00e1s de 600 canastas de productos de primera necesidad, que ser\u00e1n distribuidas el pr\u00f3ximo 6 de enero en comunidades del municipio, entre las que se encuentra Potrero de Adentro, Enrique Estrada, Estaci\u00f3n Ventura, entre otras.<\/p>\n\n\n\n<p>Indic\u00f3 que entre los productos que se solicitan destacan: arroz, frijoles o legumbres secas, harina de ma\u00edz, harina de trigo, leche en polvo o l\u00edquida, aceite vegetal, az\u00facar, sal, pasta, jab\u00f3n, pasta de dientes, papel higi\u00e9nico, champ\u00fa, detergente, toallas sanitarias, pa\u00f1ales, caf\u00e9, productos enlatados, galletas, pastas, aceite, cereal entre otros.<\/p>\n\n\n\n<p>Las personas interesadas en colaborar pueden dirigirse a la direcci\u00f3n antes mencionada ubicada en calle Matamoros #111 en Cabecera municipal, en un horario de 8 de la ma\u00f1ana a 3:30 de la tarde, para realizar su donativo a favor de quienes m\u00e1s lo necesitan, se recuerda que la fecha l\u00edmite para realizar donativos es hasta mediados de diciembre.<\/p>\n\n\n\n<p>P\u00e9rez S\u00e1nchez expres\u00f3 su agradecimiento a la comunidad por su apoyo en esta campa\u00f1a y enfatiz\u00f3 la importancia de unirse para marcar la diferencia en la vida de aquellos que m\u00e1s lo necesitan: \u201ces una oportunidad para demostrar la solidaridad y el esp\u00edritu comunitario de Soledad de Graciano S\u00e1nchez, cada donativo es un gesto valioso que contribuir\u00e1 a mejorar la calidad de vida de las familias vulnerables en el municipio\u201d.<\/p>\n","protected":false},"excerpt":{"rendered":"<p>La coordinaci\u00f3n de Participaci\u00f3n Ciudadana del Ayuntamiento de Soledad de Graciano S\u00e1nchez inici\u00f3 la campa\u00f1a \u201cCanasta Digna\u201d, la cual tiene como objetivo principal ser una alternativa m\u00e1s de apoyo a la poblaci\u00f3n m\u00e1s vulnerable, dijo la responsable, Mar\u00eda de los \u00c1ngeles P\u00e9rez S\u00e1nchez. A trav\u00e9s de esta iniciativa, y con el apoyo de la ciudadan\u00eda [&hellip;]<\/p>\n","protected":false},"author":2,"featured_media":6791,"comment_status":"open","ping_status":"open","sticky":false,"template":"","format":"standard","meta":{"footnotes":""},"categories":[30,1,24,21],"tags":[446,223,294,27],"class_list":{"0":"post-6790","1":"post","2":"type-post","3":"status-publish","4":"format-standard","5":"has-post-thumbnail","7":"category-de-la-region-centro","8":"category-destacadas","9":"category-informacion-general","10":"category-tu-soledad","11":"tag-apoyo","12":"tag-ayuntamiento-soledense","13":"tag-san-luis","14":"tag-soledad"},"_links":{"self":[{"href":"https:\/\/cronicadesoledad.com\/index.php\/wp-json\/wp\/v2\/posts\/6790","targetHints":{"allow":["GET"]}}],"collection":[{"href":"https:\/\/cronicadesoledad.com\/index.php\/wp-json\/wp\/v2\/posts"}],"about":[{"href":"https:\/\/cronicadesoledad.com\/index.php\/wp-json\/wp\/v2\/types\/post"}],"author":[{"embeddable":true,"href":"https:\/\/cronicadesoledad.com\/index.php\/wp-json\/wp\/v2\/users\/2"}],"replies":[{"embeddable":true,"href":"https:\/\/cronicadesoledad.com\/index.php\/wp-json\/wp\/v2\/comments?post=6790"}],"version-history":[{"count":1,"href":"https:\/\/cronicadesoledad.com\/index.php\/wp-json\/wp\/v2\/posts\/6790\/revisions"}],"predecessor-version":[{"id":6792,"href":"https:\/\/cronicadesoledad.com\/index.php\/wp-json\/wp\/v2\/posts\/6790\/revisions\/6792"}],"wp:featuredmedia":[{"embeddable":true,"href":"https:\/\/cronicadesoledad.com\/index.php\/wp-json\/wp\/v2\/media\/6791"}],"wp:attachment":[{"href":"https:\/\/cronicadesoledad.com\/index.php\/wp-json\/wp\/v2\/media?parent=6790"}],"wp:term":[{"taxonomy":"category","embeddable":true,"href":"https:\/\/cronicadesoledad.com\/index.php\/wp-json\/wp\/v2\/categories?post=6790"},{"taxonomy":"post_tag","embeddable":true,"href":"https:\/\/cronicadesoledad.com\/index.php\/wp-json\/wp\/v2\/tags?post=6790"}],"curies":[{"name":"wp","href":"https:\/\/api.w.org\/{rel}","templated":true}]}}