{"id":6821,"date":"2023-11-07T20:00:00","date_gmt":"2023-11-08T02:00:00","guid":{"rendered":"https:\/\/cronicadesoledad.com\/?p=6821"},"modified":"2023-11-07T19:18:17","modified_gmt":"2023-11-08T01:18:17","slug":"dif-soledense-entrega-viveres-a-familias-afectadas-por-otis","status":"publish","type":"post","link":"https:\/\/cronicadesoledad.com\/index.php\/2023\/11\/07\/dif-soledense-entrega-viveres-a-familias-afectadas-por-otis\/","title":{"rendered":"DIF soledense entrega v\u00edveres a familias afectadas por \u201cOtis\u201d"},"content":{"rendered":"\n<p>En un acto de solidaridad con las familias afectadas por el desastre natural ocurrido en Acapulco, Guerrero, el Sistema Municipal para el Desarrollo Integral de la Familia (DIF) de Soledad de Graciano S\u00e1nchez refuerza la recaudaci\u00f3n de v\u00edveres de primera necesidad a trav\u00e9s de sus ocho Centros Comunitarios.<\/p>\n\n\n\n<p>Mar\u00eda del Pilar Cardona Reyna, presidenta de esta instituci\u00f3n, inform\u00f3 que ya se realiz\u00f3 una primera entrega de ayuda consistente en productos no perecederos y enlatados, art\u00edculos de higiene personal y agua embotellada al DIF Estatal para su env\u00edo a la zona da\u00f1ada por el Hurac\u00e1n Otis.<\/p>\n\n\n\n<p>Pidi\u00f3 a las y los soledenses sumarse a la causa y aportar art\u00edculos b\u00e1sicos para la supervivencia de ni\u00f1os, ni\u00f1as y familias enteras que sufren los estragos de la naturaleza, y reconoci\u00f3 el aporte de quienes ya se han acercado a los Centros Comunitarios y otras \u00e1reas comunes que coordinan distintas dependencias, como el Auditorio Municipal de la colonia San Felipe.<\/p>\n\n\n\n<p>Dijo que la poblaci\u00f3n pude llevar su donaci\u00f3n a los Centros de las colonias Santo Tom\u00e1s, Rivas Guill\u00e9n Sur y Norte, Primero de Mayo, San Luis Uno, 21 de Marzo, Praderas del Maurel, as\u00ed como en las instalaciones del Sistema Municipal DIF de Soledad, en el fraccionamiento San Gerardo a unas cuadras de la Cabecera municipal.<\/p>\n\n\n\n<p>Asimismo, inform\u00f3 que los d\u00edas jueves 9 y viernes 10 de noviembre estar\u00e1n recibiendo estos art\u00edculos en la Plaza Principal de Soledad, lo cual es una oportunidad para que todas y todos puedan sumarse a esta noble labor y brindar una ayuda indispensable a las familias afectadas, y en donde cada aporte, por peque\u00f1o que sea, representa una gran ayuda para quienes han perdido sus hogares y pertenencias a causa del hurac\u00e1n Otis.<\/p>\n\n\n\n<p>Por \u00faltimo, record\u00f3 que la colaboraci\u00f3n y la unidad son fundamentales en momentos dif\u00edciles como este, en los que miles de personas se ven afectadas por desastres naturales, por ello el Ayuntamiento de Graciano S\u00e1nchez y el Sistema Estatal DIF a cargo de Ruth Gonz\u00e1lez Silva, trabajan de la mano con la sociedad, para brindar una respuesta efectiva y r\u00e1pida ante esta situaci\u00f3n de emergencia.<\/p>\n","protected":false},"excerpt":{"rendered":"<p>En un acto de solidaridad con las familias afectadas por el desastre natural ocurrido en Acapulco, Guerrero, el Sistema Municipal para el Desarrollo Integral de la Familia (DIF) de Soledad de Graciano S\u00e1nchez refuerza la recaudaci\u00f3n de v\u00edveres de primera necesidad a trav\u00e9s de sus ocho Centros Comunitarios. Mar\u00eda del Pilar Cardona Reyna, presidenta de [&hellip;]<\/p>\n","protected":false},"author":2,"featured_media":6822,"comment_status":"open","ping_status":"open","sticky":false,"template":"","format":"standard","meta":{"footnotes":""},"categories":[30,1,24,21],"tags":[249,81,446,223,499,515,516,514,29,641,294,27,640],"class_list":{"0":"post-6821","1":"post","2":"type-post","3":"status-publish","4":"format-standard","5":"has-post-thumbnail","7":"category-de-la-region-centro","8":"category-destacadas","9":"category-informacion-general","10":"category-tu-soledad","11":"tag-acapulco","12":"tag-alcaldesa-soledense","13":"tag-apoyo","14":"tag-ayuntamiento-soledense","15":"tag-dif-municipal","16":"tag-guerrero","17":"tag-huracan","18":"tag-huracan-otis","19":"tag-leonor-noyola","20":"tag-otis","21":"tag-san-luis","22":"tag-soledad","23":"tag-viveres"},"_links":{"self":[{"href":"https:\/\/cronicadesoledad.com\/index.php\/wp-json\/wp\/v2\/posts\/6821","targetHints":{"allow":["GET"]}}],"collection":[{"href":"https:\/\/cronicadesoledad.com\/index.php\/wp-json\/wp\/v2\/posts"}],"about":[{"href":"https:\/\/cronicadesoledad.com\/index.php\/wp-json\/wp\/v2\/types\/post"}],"author":[{"embeddable":true,"href":"https:\/\/cronicadesoledad.com\/index.php\/wp-json\/wp\/v2\/users\/2"}],"replies":[{"embeddable":true,"href":"https:\/\/cronicadesoledad.com\/index.php\/wp-json\/wp\/v2\/comments?post=6821"}],"version-history":[{"count":1,"href":"https:\/\/cronicadesoledad.com\/index.php\/wp-json\/wp\/v2\/posts\/6821\/revisions"}],"predecessor-version":[{"id":6823,"href":"https:\/\/cronicadesoledad.com\/index.php\/wp-json\/wp\/v2\/posts\/6821\/revisions\/6823"}],"wp:featuredmedia":[{"embeddable":true,"href":"https:\/\/cronicadesoledad.com\/index.php\/wp-json\/wp\/v2\/media\/6822"}],"wp:attachment":[{"href":"https:\/\/cronicadesoledad.com\/index.php\/wp-json\/wp\/v2\/media?parent=6821"}],"wp:term":[{"taxonomy":"category","embeddable":true,"href":"https:\/\/cronicadesoledad.com\/index.php\/wp-json\/wp\/v2\/categories?post=6821"},{"taxonomy":"post_tag","embeddable":true,"href":"https:\/\/cronicadesoledad.com\/index.php\/wp-json\/wp\/v2\/tags?post=6821"}],"curies":[{"name":"wp","href":"https:\/\/api.w.org\/{rel}","templated":true}]}}