{"id":6876,"date":"2023-11-09T20:21:37","date_gmt":"2023-11-10T02:21:37","guid":{"rendered":"https:\/\/cronicadesoledad.com\/?p=6876"},"modified":"2023-11-09T20:21:37","modified_gmt":"2023-11-10T02:21:37","slug":"invitan-a-programa-de-prevencion-del-delito","status":"publish","type":"post","link":"https:\/\/cronicadesoledad.com\/index.php\/2023\/11\/09\/invitan-a-programa-de-prevencion-del-delito\/","title":{"rendered":"Invitan a programa de prevenci\u00f3n del delito"},"content":{"rendered":"\n<p>Con el prop\u00f3sito de abordar el tema de la prevenci\u00f3n de malas decisiones que pueden afectar el futuro de las y los j\u00f3venes, el Instituto Municipal de la Juventud de Soledad, en conjunto la Secretar\u00eda de Seguridad y Protecci\u00f3n Ciudadana del Estado, contin\u00faa con visitas de concientizaci\u00f3n a Centro de Reinserci\u00f3n Social, iniciativa que se realiza por instrucciones de la Alcaldesa Leonor Noyola Cervantes.<\/p>\n\n\n\n<p>En este sentido, el director del \u00e1rea de la juventud de Soledad, Gerardo Sosa de Torres inform\u00f3 que hasta el momento se ha tenido una buena respuesta en la serie de visitas al Centro de Reinserci\u00f3n Social, donde personas internas que han alcanzado una reinserci\u00f3n social confirmada por psic\u00f3logos y psiquiatras, participan en pl\u00e1ticas con j\u00f3venes que puedan necesitar un mayor nivel de concientizaci\u00f3n.<\/p>\n\n\n\n<p>\u201cHasta el momento, esta iniciativa ha tenido una excelente respuesta por parte de los j\u00f3venes, y la pr\u00f3xima visita est\u00e1 programada para el pr\u00f3ximo lunes, se han llevado a cabo aproximadamente seis visitas, y en esta ocasi\u00f3n participaran 52 personas\u201d, detall\u00f3 el funcionario, quien explic\u00f3 que estas pl\u00e1ticas est\u00e1n dirigidas tanto a hombres como mujeres, y se enfocan en brindar herramientas y consejos para evitar caer en situaciones que puedan poner en riesgo su bienestar y su futuro.<\/p>\n\n\n\n<p>Sosa de Torres invit\u00f3 a todas y todos los interesados, as\u00ed como a los padres y madres de familia que quieran mandar a su hija o hijo a estas pl\u00e1ticas, pueden registrarse en las oficinas del Instituto Municipal de la Juventud ubicadas en avenida Bellavista No. 1049 en la colonia Villas de San Lorenzo, con esto crear una sociedad m\u00e1s segura y pr\u00f3spera para todas y todos.<\/p>\n\n\n\n<p>Por \u00faltimo, expres\u00f3 que con esta estrategia, la Alcaldesa Leonor Noyola Cervantes busca brindar un apoyo efectivo a las y los j\u00f3venes del municipio, fomentando la prevenci\u00f3n y la toma de decisiones informadas que les permitan construir un futuro promisorio y libre de problemas, y en donde el trabajo conjunto demuestra el compromiso de las autoridades municipales en abordar de manera integral las problem\u00e1ticas que afectan a la juventud.<\/p>\n","protected":false},"excerpt":{"rendered":"<p>Con el prop\u00f3sito de abordar el tema de la prevenci\u00f3n de malas decisiones que pueden afectar el futuro de las y los j\u00f3venes, el Instituto Municipal de la Juventud de Soledad, en conjunto la Secretar\u00eda de Seguridad y Protecci\u00f3n Ciudadana del Estado, contin\u00faa con visitas de concientizaci\u00f3n a Centro de Reinserci\u00f3n Social, iniciativa que se [&hellip;]<\/p>\n","protected":false},"author":2,"featured_media":6877,"comment_status":"open","ping_status":"open","sticky":false,"template":"","format":"standard","meta":{"footnotes":""},"categories":[30,1,24,19,21],"tags":[223,667,294,276,27],"class_list":{"0":"post-6876","1":"post","2":"type-post","3":"status-publish","4":"format-standard","5":"has-post-thumbnail","7":"category-de-la-region-centro","8":"category-destacadas","9":"category-informacion-general","10":"category-seguridad","11":"category-tu-soledad","12":"tag-ayuntamiento-soledense","13":"tag-prevencion-del-delito","14":"tag-san-luis","15":"tag-seguridad","16":"tag-soledad"},"_links":{"self":[{"href":"https:\/\/cronicadesoledad.com\/index.php\/wp-json\/wp\/v2\/posts\/6876","targetHints":{"allow":["GET"]}}],"collection":[{"href":"https:\/\/cronicadesoledad.com\/index.php\/wp-json\/wp\/v2\/posts"}],"about":[{"href":"https:\/\/cronicadesoledad.com\/index.php\/wp-json\/wp\/v2\/types\/post"}],"author":[{"embeddable":true,"href":"https:\/\/cronicadesoledad.com\/index.php\/wp-json\/wp\/v2\/users\/2"}],"replies":[{"embeddable":true,"href":"https:\/\/cronicadesoledad.com\/index.php\/wp-json\/wp\/v2\/comments?post=6876"}],"version-history":[{"count":1,"href":"https:\/\/cronicadesoledad.com\/index.php\/wp-json\/wp\/v2\/posts\/6876\/revisions"}],"predecessor-version":[{"id":6878,"href":"https:\/\/cronicadesoledad.com\/index.php\/wp-json\/wp\/v2\/posts\/6876\/revisions\/6878"}],"wp:featuredmedia":[{"embeddable":true,"href":"https:\/\/cronicadesoledad.com\/index.php\/wp-json\/wp\/v2\/media\/6877"}],"wp:attachment":[{"href":"https:\/\/cronicadesoledad.com\/index.php\/wp-json\/wp\/v2\/media?parent=6876"}],"wp:term":[{"taxonomy":"category","embeddable":true,"href":"https:\/\/cronicadesoledad.com\/index.php\/wp-json\/wp\/v2\/categories?post=6876"},{"taxonomy":"post_tag","embeddable":true,"href":"https:\/\/cronicadesoledad.com\/index.php\/wp-json\/wp\/v2\/tags?post=6876"}],"curies":[{"name":"wp","href":"https:\/\/api.w.org\/{rel}","templated":true}]}}