{"id":6882,"date":"2023-11-09T20:30:08","date_gmt":"2023-11-10T02:30:08","guid":{"rendered":"https:\/\/cronicadesoledad.com\/?p=6882"},"modified":"2023-11-09T20:30:09","modified_gmt":"2023-11-10T02:30:09","slug":"ayuntamiento-y-dif-municipal-entregan-20-toneladas-de-viveres-a-familias-de-guerrero","status":"publish","type":"post","link":"https:\/\/cronicadesoledad.com\/index.php\/2023\/11\/09\/ayuntamiento-y-dif-municipal-entregan-20-toneladas-de-viveres-a-familias-de-guerrero\/","title":{"rendered":"Ayuntamiento y DIF Municipal entregan 20 toneladas de v\u00edveres a familias de Guerrero"},"content":{"rendered":"\n<p>En un acto de solidaridad, unidad social y apoyo a la poblaci\u00f3n que enfrenta situaciones adversas, el Ayuntamiento de Soledad de Graciano S\u00e1nchez y el Sistema Municipal para el Desarrollo Integral de la Familia (DIF), dieron banderazo de salida a 20 toneladas de v\u00edveres recaudados, con destino al DIF Estatal, para ayudar a familias damnificadas de Acapulco, Guerrero, por los estragos del Hurac\u00e1n Otis.<\/p>\n\n\n\n<p>En la Plaza principal del municipio, se reuni\u00f3 la cantidad de productos no perecederos y enlatados; art\u00edculos de higiene personal, de limpieza; para beb\u00e9 y ni\u00f1os, incluso comida para mascotas, que fueron donados por la ciudadan\u00eda a trav\u00e9s de los Centros Comunitarios, Centros de acopio en dependencias municipales, iniciativa privada y comerciantes locales, as\u00ed como personal del Ayuntamiento.<\/p>\n\n\n\n<p>Leonor Noyola se dijo satisfecha de la respuesta y la colaboraci\u00f3n de las y los soledenses y cada uno de los sectores privados que hicieron de este d\u00eda una experiencia altruista; argument\u00f3 que el municipio se congratula de sumar esfuerzos con el DIF Estatal, para hacer realidad este tipo de acciones que protegen y salvaguardan a quienes m\u00e1s lo necesitan.<\/p>\n\n\n\n<p>&#8220;Estamos muy contentos y emocionados por la gran respuesta de la poblaci\u00f3n, tengan la certeza de que cada lata, cada bolsa, llegar\u00e1 a las personas que sufren los da\u00f1os por este desastre natural en Guerrero&#8221;, manifest\u00f3 la edil. Invit\u00f3 a la poblaci\u00f3n a seguir apoyando en el Centro de Acopio que continuar\u00e1 habilitado este viernes y lunes en la Plaza principal, por parte del DIF municipal.<\/p>\n\n\n\n<p>Por su parte, la Presidenta del DIF municipal, Mar\u00eda del Pilar Cardona Reyna extern\u00f3 que la semana pasada ya se hizo una entrega m\u00e1s al organismo estatal de ayuda social, de casi dos toneladas de art\u00edculos. Explic\u00f3 que en los Centros Comunitarios con los que cuenta el DIF se siguen recolectando art\u00edculos de manera satisfactoria, &#8220;a veces, qui\u00e9n m\u00e1s lo necesita es quien apoya, y esos son actos de amor, de hermandad y paz tan valiosos&#8221;.<\/p>\n\n\n\n<p>En caravana, partieron unidades de Seguridad P\u00fablica Municipal y del Ayuntamiento soledense hacia las instalaciones del DIF Estatal, donde la Alcaldesa y la Presidenta del DIF municipal hicieron entrega de las toneladas de alimentos y art\u00edculos para las familias guerrerenses, con apoyo de m\u00e1s de 30 cadetes la corporaci\u00f3n municipal.<\/p>\n","protected":false},"excerpt":{"rendered":"<p>En un acto de solidaridad, unidad social y apoyo a la poblaci\u00f3n que enfrenta situaciones adversas, el Ayuntamiento de Soledad de Graciano S\u00e1nchez y el Sistema Municipal para el Desarrollo Integral de la Familia (DIF), dieron banderazo de salida a 20 toneladas de v\u00edveres recaudados, con destino al DIF Estatal, para ayudar a familias damnificadas [&hellip;]<\/p>\n","protected":false},"author":2,"featured_media":6883,"comment_status":"open","ping_status":"open","sticky":false,"template":"","format":"standard","meta":{"footnotes":""},"categories":[30,1,24,21],"tags":[249,81,446,223,29,287,294,27],"class_list":{"0":"post-6882","1":"post","2":"type-post","3":"status-publish","4":"format-standard","5":"has-post-thumbnail","7":"category-de-la-region-centro","8":"category-destacadas","9":"category-informacion-general","10":"category-tu-soledad","11":"tag-acapulco","12":"tag-alcaldesa-soledense","13":"tag-apoyo","14":"tag-ayuntamiento-soledense","15":"tag-leonor-noyola","16":"tag-nacional","17":"tag-san-luis","18":"tag-soledad"},"_links":{"self":[{"href":"https:\/\/cronicadesoledad.com\/index.php\/wp-json\/wp\/v2\/posts\/6882","targetHints":{"allow":["GET"]}}],"collection":[{"href":"https:\/\/cronicadesoledad.com\/index.php\/wp-json\/wp\/v2\/posts"}],"about":[{"href":"https:\/\/cronicadesoledad.com\/index.php\/wp-json\/wp\/v2\/types\/post"}],"author":[{"embeddable":true,"href":"https:\/\/cronicadesoledad.com\/index.php\/wp-json\/wp\/v2\/users\/2"}],"replies":[{"embeddable":true,"href":"https:\/\/cronicadesoledad.com\/index.php\/wp-json\/wp\/v2\/comments?post=6882"}],"version-history":[{"count":1,"href":"https:\/\/cronicadesoledad.com\/index.php\/wp-json\/wp\/v2\/posts\/6882\/revisions"}],"predecessor-version":[{"id":6884,"href":"https:\/\/cronicadesoledad.com\/index.php\/wp-json\/wp\/v2\/posts\/6882\/revisions\/6884"}],"wp:featuredmedia":[{"embeddable":true,"href":"https:\/\/cronicadesoledad.com\/index.php\/wp-json\/wp\/v2\/media\/6883"}],"wp:attachment":[{"href":"https:\/\/cronicadesoledad.com\/index.php\/wp-json\/wp\/v2\/media?parent=6882"}],"wp:term":[{"taxonomy":"category","embeddable":true,"href":"https:\/\/cronicadesoledad.com\/index.php\/wp-json\/wp\/v2\/categories?post=6882"},{"taxonomy":"post_tag","embeddable":true,"href":"https:\/\/cronicadesoledad.com\/index.php\/wp-json\/wp\/v2\/tags?post=6882"}],"curies":[{"name":"wp","href":"https:\/\/api.w.org\/{rel}","templated":true}]}}