{"id":6914,"date":"2023-11-13T11:06:37","date_gmt":"2023-11-13T17:06:37","guid":{"rendered":"https:\/\/cronicadesoledad.com\/?p=6914"},"modified":"2023-11-13T11:06:37","modified_gmt":"2023-11-13T17:06:37","slug":"confirman-el-deceso-del-magistrade-jesus-ociel-baena","status":"publish","type":"post","link":"https:\/\/cronicadesoledad.com\/index.php\/2023\/11\/13\/confirman-el-deceso-del-magistrade-jesus-ociel-baena\/","title":{"rendered":"Confirman el deceso del magistrade Jes\u00fas Ociel Baena\u00a0"},"content":{"rendered":"\n<h2 class=\"wp-block-heading\">Su cuerpo fue encontrado junto el de otra persona en una casa de Punta del Cielo, Aguascalientes.\u00a0<\/h2>\n\n\n\n<p>Esta ma\u00f1ana se&nbsp; hizo el hallazgo del cuerpo del magistrado Jes\u00fas Ociel Baena en el interior de un domicilio en Punta del Cielo, el hecho fue confirmado por el Secretario de Seguridad P\u00fablica de Aguascalientes, Miguel Alonso Garc\u00eda. Hasta el momento no hay informaci\u00f3n sobre la causa del deceso.&nbsp;<\/p>\n\n\n\n<p>Jes\u00fas Baena fue la primera persona en M\u00e9xico en ser reconocide como \u201cmagistrade\u201d, su trabajo y activismo fue en pro de los derechos de la comunidad LGBTIQ+, el lenguaje inclusivo y el reconocimiento de la diversidad dentro de la ley.&nbsp;<\/p>\n","protected":false},"excerpt":{"rendered":"<p>Su cuerpo fue encontrado junto el de otra persona en una casa de Punta del Cielo, Aguascalientes.\u00a0 Esta ma\u00f1ana se&nbsp; hizo el hallazgo del cuerpo del magistrado Jes\u00fas Ociel Baena en el interior de un domicilio en Punta del Cielo, el hecho fue confirmado por el Secretario de Seguridad P\u00fablica de Aguascalientes, Miguel Alonso Garc\u00eda. [&hellip;]<\/p>\n","protected":false},"author":6,"featured_media":6915,"comment_status":"open","ping_status":"open","sticky":false,"template":"","format":"standard","meta":{"footnotes":""},"categories":[1,24,21],"tags":[687,691,690,688,287],"class_list":{"0":"post-6914","1":"post","2":"type-post","3":"status-publish","4":"format-standard","5":"has-post-thumbnail","7":"category-destacadas","8":"category-informacion-general","9":"category-tu-soledad","10":"tag-aguascalientes","11":"tag-jesus-ociel-baena","12":"tag-lgbtq-2","13":"tag-magistrade","14":"tag-nacional"},"_links":{"self":[{"href":"https:\/\/cronicadesoledad.com\/index.php\/wp-json\/wp\/v2\/posts\/6914","targetHints":{"allow":["GET"]}}],"collection":[{"href":"https:\/\/cronicadesoledad.com\/index.php\/wp-json\/wp\/v2\/posts"}],"about":[{"href":"https:\/\/cronicadesoledad.com\/index.php\/wp-json\/wp\/v2\/types\/post"}],"author":[{"embeddable":true,"href":"https:\/\/cronicadesoledad.com\/index.php\/wp-json\/wp\/v2\/users\/6"}],"replies":[{"embeddable":true,"href":"https:\/\/cronicadesoledad.com\/index.php\/wp-json\/wp\/v2\/comments?post=6914"}],"version-history":[{"count":1,"href":"https:\/\/cronicadesoledad.com\/index.php\/wp-json\/wp\/v2\/posts\/6914\/revisions"}],"predecessor-version":[{"id":6916,"href":"https:\/\/cronicadesoledad.com\/index.php\/wp-json\/wp\/v2\/posts\/6914\/revisions\/6916"}],"wp:featuredmedia":[{"embeddable":true,"href":"https:\/\/cronicadesoledad.com\/index.php\/wp-json\/wp\/v2\/media\/6915"}],"wp:attachment":[{"href":"https:\/\/cronicadesoledad.com\/index.php\/wp-json\/wp\/v2\/media?parent=6914"}],"wp:term":[{"taxonomy":"category","embeddable":true,"href":"https:\/\/cronicadesoledad.com\/index.php\/wp-json\/wp\/v2\/categories?post=6914"},{"taxonomy":"post_tag","embeddable":true,"href":"https:\/\/cronicadesoledad.com\/index.php\/wp-json\/wp\/v2\/tags?post=6914"}],"curies":[{"name":"wp","href":"https:\/\/api.w.org\/{rel}","templated":true}]}}