{"id":6937,"date":"2023-11-13T12:28:33","date_gmt":"2023-11-13T18:28:33","guid":{"rendered":"https:\/\/cronicadesoledad.com\/?p=6937"},"modified":"2023-11-13T12:28:33","modified_gmt":"2023-11-13T18:28:33","slug":"envian-20-toneladas-de-viveres-a-guerrero","status":"publish","type":"post","link":"https:\/\/cronicadesoledad.com\/index.php\/2023\/11\/13\/envian-20-toneladas-de-viveres-a-guerrero\/","title":{"rendered":"ENV\u00cdAN 20 TONELADAS DE V\u00cdVERES A GUERRERO"},"content":{"rendered":"\n<h2 class=\"wp-block-heading\">Resultado del apoyo ciudadano, trabajadores e iniciativa privada, los viveres fueron entregados a DIF Estatal para su traslado a familias damnificadas.<\/h2>\n\n\n\n<p>En un acto de solidaridad, unidad social y apoyo a la poblaci\u00f3n que enfrenta situaciones<br>adversas, el Ayuntamiento de Soledad de Graciano S\u00e1nchez y el Sistema Municipal para el<br>Desarrollo Integral de la Familia (DIF), dieron banderazo de salida a 20 toneladas de<br>v\u00edveres recaudados para ayudar a familias damnificadas de Acapulco, Guerrero, por los<br>estragos del Hurac\u00e1n Otis.<br>En la Plaza principal del municipio, se reuni\u00f3 la cantidad de productos no perecederos y<br>enlatados; art\u00edculos de higiene personal, de limpieza; para beb\u00e9 y ni\u00f1os, incluso comida<br>para mascotas, que fueron donados por la ciudadan\u00eda a trav\u00e9s de los Centros Comunitarios,<br>Centros de acopio en dependencias municipales, iniciativa privada y comerciantes locales,<br>as\u00ed como personal del ayuntamiento.<br>Leonor Noyola se dijo satisfecha de la respuesta y la colaboraci\u00f3n de los soledenses y cada<br>uno de los sectores privados que hicieron de este d\u00eda una experiencia altruista; argument\u00f3<br>que el municipio se congratula de sumar esfuerzos con el DIF Estatal, para hacer realidad<br>este tipo de acciones que protegen y salvaguardan a quienes m\u00e1s lo necesitan.<br>&#8220;Estamos muy contentos y emocionados por la gran respuesta de la poblaci\u00f3n, tengan la<br>certeza de que cada lata, cada bolsa, llegar\u00e1 a las personas que sufren los da\u00f1os por este<br>desastre natural en Guerrero&#8221;, manifest\u00f3 la edil. Invit\u00f3 a la poblaci\u00f3n a seguir apoyando en<br>el Centro de Acopio que continuar\u00e1 habilitado este viernes y lunes en la Plaza principal, por<br>parte del DIF municipal.<br>Por su parte, la Presidenta del DIF Municipal, Mar\u00eda del Pilar Cardona Reyna, extern\u00f3 que<br>la semana pasada ya se hizo una entrega m\u00e1s al organismo estatal de ayuda social de casi<br>dos toneladas de art\u00edculos, y explic\u00f3 que en los centros comunitarios con los que cuenta el<br>DIF se siguen recolectando art\u00edculos de manera satisfactoria, &#8220;a veces, qui\u00e9n m\u00e1s lo<br>necesita es quien apoya, y esos son actos de amor, de hermandad y paz tan valiosos&#8221;.<br>La caravana para el env\u00edo de v\u00edveres estuvo conformada por unidades de Seguridad P\u00fablica<br>Municipal y del Ayuntamiento Soledense y parti\u00f3 hacia las instalaciones del DIF Estatal,<br>donde la Alcaldesa y la Presidenta del DIF Municipal hicieron entrega de las toneladas de<br>alimentos y art\u00edculos para las familias guerrerenses, con apoyo de m\u00e1s de 30 cadetes la<br>corporaci\u00f3n municipal.<\/p>\n\n\n\n<figure class=\"wp-block-image size-large\"><img loading=\"lazy\" decoding=\"async\" width=\"1024\" height=\"577\" src=\"https:\/\/cronicadesoledad.com\/wp-content\/uploads\/2023\/11\/PHOTO-2023-11-09-15-34-33-1024x577.jpg\" alt=\"\" class=\"wp-image-6939\" srcset=\"https:\/\/cronicadesoledad.com\/wp-content\/uploads\/2023\/11\/PHOTO-2023-11-09-15-34-33-1024x577.jpg 1024w, https:\/\/cronicadesoledad.com\/wp-content\/uploads\/2023\/11\/PHOTO-2023-11-09-15-34-33-300x169.jpg 300w, https:\/\/cronicadesoledad.com\/wp-content\/uploads\/2023\/11\/PHOTO-2023-11-09-15-34-33-768x433.jpg 768w, https:\/\/cronicadesoledad.com\/wp-content\/uploads\/2023\/11\/PHOTO-2023-11-09-15-34-33-696x392.jpg 696w, https:\/\/cronicadesoledad.com\/wp-content\/uploads\/2023\/11\/PHOTO-2023-11-09-15-34-33-1068x602.jpg 1068w, https:\/\/cronicadesoledad.com\/wp-content\/uploads\/2023\/11\/PHOTO-2023-11-09-15-34-33.jpg 1280w\" sizes=\"auto, (max-width: 1024px) 100vw, 1024px\" \/><\/figure>\n\n\n\n<p><\/p>\n","protected":false},"excerpt":{"rendered":"<p>Resultado del apoyo ciudadano, trabajadores e iniciativa privada, los viveres fueron entregados a DIF Estatal para su traslado a familias damnificadas. En un acto de solidaridad, unidad social y apoyo a la poblaci\u00f3n que enfrenta situacionesadversas, el Ayuntamiento de Soledad de Graciano S\u00e1nchez y el Sistema Municipal para elDesarrollo Integral de la Familia (DIF), dieron [&hellip;]<\/p>\n","protected":false},"author":6,"featured_media":6938,"comment_status":"open","ping_status":"open","sticky":false,"template":"","format":"standard","meta":{"footnotes":""},"categories":[1,24,21],"tags":[249,223,515,514,288,287,294,27],"class_list":{"0":"post-6937","1":"post","2":"type-post","3":"status-publish","4":"format-standard","5":"has-post-thumbnail","7":"category-destacadas","8":"category-informacion-general","9":"category-tu-soledad","10":"tag-acapulco","11":"tag-ayuntamiento-soledense","12":"tag-guerrero","13":"tag-huracan-otis","14":"tag-internacional","15":"tag-nacional","16":"tag-san-luis","17":"tag-soledad"},"_links":{"self":[{"href":"https:\/\/cronicadesoledad.com\/index.php\/wp-json\/wp\/v2\/posts\/6937","targetHints":{"allow":["GET"]}}],"collection":[{"href":"https:\/\/cronicadesoledad.com\/index.php\/wp-json\/wp\/v2\/posts"}],"about":[{"href":"https:\/\/cronicadesoledad.com\/index.php\/wp-json\/wp\/v2\/types\/post"}],"author":[{"embeddable":true,"href":"https:\/\/cronicadesoledad.com\/index.php\/wp-json\/wp\/v2\/users\/6"}],"replies":[{"embeddable":true,"href":"https:\/\/cronicadesoledad.com\/index.php\/wp-json\/wp\/v2\/comments?post=6937"}],"version-history":[{"count":1,"href":"https:\/\/cronicadesoledad.com\/index.php\/wp-json\/wp\/v2\/posts\/6937\/revisions"}],"predecessor-version":[{"id":6940,"href":"https:\/\/cronicadesoledad.com\/index.php\/wp-json\/wp\/v2\/posts\/6937\/revisions\/6940"}],"wp:featuredmedia":[{"embeddable":true,"href":"https:\/\/cronicadesoledad.com\/index.php\/wp-json\/wp\/v2\/media\/6938"}],"wp:attachment":[{"href":"https:\/\/cronicadesoledad.com\/index.php\/wp-json\/wp\/v2\/media?parent=6937"}],"wp:term":[{"taxonomy":"category","embeddable":true,"href":"https:\/\/cronicadesoledad.com\/index.php\/wp-json\/wp\/v2\/categories?post=6937"},{"taxonomy":"post_tag","embeddable":true,"href":"https:\/\/cronicadesoledad.com\/index.php\/wp-json\/wp\/v2\/tags?post=6937"}],"curies":[{"name":"wp","href":"https:\/\/api.w.org\/{rel}","templated":true}]}}