{"id":6953,"date":"2023-11-13T21:00:00","date_gmt":"2023-11-14T03:00:00","guid":{"rendered":"https:\/\/cronicadesoledad.com\/?p=6953"},"modified":"2023-11-13T20:18:54","modified_gmt":"2023-11-14T02:18:54","slug":"atractiva-exposicion-de-libros","status":"publish","type":"post","link":"https:\/\/cronicadesoledad.com\/index.php\/2023\/11\/13\/atractiva-exposicion-de-libros\/","title":{"rendered":"Atractiva exposici\u00f3n de libros"},"content":{"rendered":"\n<p>En conmemoraci\u00f3n por el D\u00eda Nacional del Libro, el Ayuntamiento de Soledad de Graciano S\u00e1nchez llev\u00f3 a cabo una destacada \u201cExposici\u00f3n de Librer\u00edas\u201d, en un evento organizado por la Coordinaci\u00f3n Municipal de Bibliotecas, en la Plaza principal del municipio y que tuvo como objetivo fomentar la lectura y acercar una amplia variedad de libros a la ciudadan\u00eda para todas las edades.<\/p>\n\n\n\n<p>La Exposici\u00f3n cont\u00f3 con la participaci\u00f3n de reconocidas instituciones como la Universidad Aut\u00f3noma de San Luis Potos\u00ed y diversas librer\u00edas p\u00fablicas, estos espacios presentaron una selecci\u00f3n atractiva de libros, los cuales estaban disponibles tanto para ser apreciados como para adquirirlos.<\/p>\n\n\n\n<p>El evento fue recibido con gran entusiasmo por parte de la ciudadan\u00eda, que aprovech\u00f3 la oportunidad para explorar diferentes g\u00e9neros literarios y descubrir nuevas historias, en donde adem\u00e1s de la exposici\u00f3n, se llevaron a cabo actividades l\u00fadicas que generaron un ambiente ameno y promovieron el disfrute de la lectura.<\/p>\n\n\n\n<p>Durante la inauguraci\u00f3n de la Exposici\u00f3n de Librer\u00edas, el secretario General del Ayuntamiento, Ernesto de Jes\u00fas Barajas \u00c1brego, en representaci\u00f3n de la Alcaldesa Leonor Noyola Cervantes, dirigi\u00f3 unas palabras a las y los ni\u00f1os presentes, en donde destac\u00f3 la importancia de fomentar la lectura desde temprana edad y resalt\u00f3 que aquellas y aquellos que cultivan este h\u00e1bito se convierten en ciudadanas y ciudadanos comprometidos que aportan cosas positivas al pa\u00eds.<\/p>\n\n\n\n<p>En este evento, tambi\u00e9n se llev\u00f3 a cabo la entrega de reconocimientos a ni\u00f1as y ni\u00f1os por su destacada participaci\u00f3n en las Bibliotecas Municipales de Soledad, con el objetivo de incentivar el inter\u00e9s por la lectura y reconocer el esfuerzo y dedicaci\u00f3n de los j\u00f3venes lectores. Adem\u00e1s, se entregaron reconocimientos a las personas por su gran aportaci\u00f3n en el concurso de calaveritas literarias realizada en el marco del D\u00eda de Muertos.<\/p>\n\n\n\n<p>En la Exposici\u00f3n de Librer\u00edas se cont\u00f3 con la presencia del Maestro H\u00e9ctor Mart\u00ednez Guti\u00e9rrez, Jefe del Departamento de Bibliotecas y Becas del SEER y coordinador Estatal de Bibliotecas P\u00fablicas; la coordinadora de la Coordinaci\u00f3n de Bibliotecas Municipales de Soledad, Mar\u00eda Guadalupe Cortez Segura y el cronista municipal de Soledad, Amado Juan S\u00e1nchez Cabrera.<\/p>\n","protected":false},"excerpt":{"rendered":"<p>En conmemoraci\u00f3n por el D\u00eda Nacional del Libro, el Ayuntamiento de Soledad de Graciano S\u00e1nchez llev\u00f3 a cabo una destacada \u201cExposici\u00f3n de Librer\u00edas\u201d, en un evento organizado por la Coordinaci\u00f3n Municipal de Bibliotecas, en la Plaza principal del municipio y que tuvo como objetivo fomentar la lectura y acercar una amplia variedad de libros a [&hellip;]<\/p>\n","protected":false},"author":2,"featured_media":6954,"comment_status":"open","ping_status":"open","sticky":false,"template":"","format":"standard","meta":{"footnotes":""},"categories":[30,1,24,21],"tags":[223,705,704,294,27,150],"class_list":{"0":"post-6953","1":"post","2":"type-post","3":"status-publish","4":"format-standard","5":"has-post-thumbnail","7":"category-de-la-region-centro","8":"category-destacadas","9":"category-informacion-general","10":"category-tu-soledad","11":"tag-ayuntamiento-soledense","12":"tag-dia-nacional-del-libro","13":"tag-libros","14":"tag-san-luis","15":"tag-soledad","16":"tag-uaslp"},"_links":{"self":[{"href":"https:\/\/cronicadesoledad.com\/index.php\/wp-json\/wp\/v2\/posts\/6953","targetHints":{"allow":["GET"]}}],"collection":[{"href":"https:\/\/cronicadesoledad.com\/index.php\/wp-json\/wp\/v2\/posts"}],"about":[{"href":"https:\/\/cronicadesoledad.com\/index.php\/wp-json\/wp\/v2\/types\/post"}],"author":[{"embeddable":true,"href":"https:\/\/cronicadesoledad.com\/index.php\/wp-json\/wp\/v2\/users\/2"}],"replies":[{"embeddable":true,"href":"https:\/\/cronicadesoledad.com\/index.php\/wp-json\/wp\/v2\/comments?post=6953"}],"version-history":[{"count":1,"href":"https:\/\/cronicadesoledad.com\/index.php\/wp-json\/wp\/v2\/posts\/6953\/revisions"}],"predecessor-version":[{"id":6955,"href":"https:\/\/cronicadesoledad.com\/index.php\/wp-json\/wp\/v2\/posts\/6953\/revisions\/6955"}],"wp:featuredmedia":[{"embeddable":true,"href":"https:\/\/cronicadesoledad.com\/index.php\/wp-json\/wp\/v2\/media\/6954"}],"wp:attachment":[{"href":"https:\/\/cronicadesoledad.com\/index.php\/wp-json\/wp\/v2\/media?parent=6953"}],"wp:term":[{"taxonomy":"category","embeddable":true,"href":"https:\/\/cronicadesoledad.com\/index.php\/wp-json\/wp\/v2\/categories?post=6953"},{"taxonomy":"post_tag","embeddable":true,"href":"https:\/\/cronicadesoledad.com\/index.php\/wp-json\/wp\/v2\/tags?post=6953"}],"curies":[{"name":"wp","href":"https:\/\/api.w.org\/{rel}","templated":true}]}}