{"id":6974,"date":"2023-11-14T20:30:00","date_gmt":"2023-11-15T02:30:00","guid":{"rendered":"https:\/\/cronicadesoledad.com\/?p=6974"},"modified":"2023-11-14T19:31:42","modified_gmt":"2023-11-15T01:31:42","slug":"soledad-colabora-en-investigacion-sobre-el-cambio-climatico","status":"publish","type":"post","link":"https:\/\/cronicadesoledad.com\/index.php\/2023\/11\/14\/soledad-colabora-en-investigacion-sobre-el-cambio-climatico\/","title":{"rendered":"Soledad colabora en investigaci\u00f3n sobre el cambio clim\u00e1tico"},"content":{"rendered":"\n<p>Con el prop\u00f3sito de que la poblaci\u00f3n tome conciencia sobre el cambio clim\u00e1tico y su impacto hist\u00f3rico en la sociedad, el Cronista Municipal de Soledad de Graciano S\u00e1nchez, Amado Juan S\u00e1nchez Cabrera, en coordinaci\u00f3n con otros municipios conurbados, coadyuva en una investigaci\u00f3n en este tema que es de suma importancia en la actualidad y su impacto en el futuro.<\/p>\n\n\n\n<p>De acuerdo al Cronista municipal, esta investigaci\u00f3n inici\u00f3 hace aproximadamente cuatro meses y tiene como objetivo principal prevenir situaciones at\u00edpicas provocadas por el cambio clim\u00e1tico, para ello, se ha recopilado informaci\u00f3n desde el a\u00f1o 1880 y se trabaja en conjunto con cronistas de otros municipios, con el fin de comprender c\u00f3mo ha evolucionado el clima a lo largo de la historia y c\u00f3mo ello ha influido en el comportamiento de la sociedad.<\/p>\n\n\n\n<p>Se\u00f1al\u00f3 que uno de los ejemplos m\u00e1s destacados es el an\u00e1lisis del a\u00f1o 2015, el cual fue identificado como el m\u00e1s lluvioso en la historia de San Luis Potos\u00ed, esta informaci\u00f3n es crucial para planificar acciones y prevenir posibles inundaciones u otros riesgos que puedan afectar a la ciudadan\u00eda y con la informaci\u00f3n recopilada, se espera tomar medidas preventivas para proteger a la comunidad en el futuro.<\/p>\n\n\n\n<p>S\u00e1nchez Cabrera estima que esta investigaci\u00f3n estar\u00e1 concluida para el mes de enero del pr\u00f3ximo a\u00f1o, y una vez finalizada se proceder\u00e1 a la publicaci\u00f3n de los resultados obtenidos en una edici\u00f3n editorial, para de esta manera, crear conciencia en la poblaci\u00f3n sobre la importancia de abordar el cambio clim\u00e1tico y promover la adopci\u00f3n de medidas sostenibles para contrarrestar sus efectos negativos.<\/p>\n\n\n\n<p>Por ultim\u00f3 expres\u00f3 que es fundamental destacar el trabajo colaborativo realizado entre el equipo del Cronista Municipal de Soledad de Graciano S\u00e1nchez y los cronistas de municipios vecinos, ya que esta sinergia permitir\u00e1 obtener una perspectiva m\u00e1s amplia y precisa sobre el impacto hist\u00f3rico del cambio clim\u00e1tico en la regi\u00f3n, lo cual contribuir\u00e1 a la toma de decisiones informadas y a la implementaci\u00f3n de pol\u00edticas p\u00fablicas eficientes.<\/p>\n","protected":false},"excerpt":{"rendered":"<p>Con el prop\u00f3sito de que la poblaci\u00f3n tome conciencia sobre el cambio clim\u00e1tico y su impacto hist\u00f3rico en la sociedad, el Cronista Municipal de Soledad de Graciano S\u00e1nchez, Amado Juan S\u00e1nchez Cabrera, en coordinaci\u00f3n con otros municipios conurbados, coadyuva en una investigaci\u00f3n en este tema que es de suma importancia en la actualidad y su [&hellip;]<\/p>\n","protected":false},"author":2,"featured_media":6975,"comment_status":"open","ping_status":"open","sticky":false,"template":"","format":"standard","meta":{"footnotes":""},"categories":[30,1,24,21],"tags":[223,711,669,294,27],"class_list":{"0":"post-6974","1":"post","2":"type-post","3":"status-publish","4":"format-standard","5":"has-post-thumbnail","7":"category-de-la-region-centro","8":"category-destacadas","9":"category-informacion-general","10":"category-tu-soledad","11":"tag-ayuntamiento-soledense","12":"tag-cambio-climatico","13":"tag-investigacion","14":"tag-san-luis","15":"tag-soledad"},"_links":{"self":[{"href":"https:\/\/cronicadesoledad.com\/index.php\/wp-json\/wp\/v2\/posts\/6974","targetHints":{"allow":["GET"]}}],"collection":[{"href":"https:\/\/cronicadesoledad.com\/index.php\/wp-json\/wp\/v2\/posts"}],"about":[{"href":"https:\/\/cronicadesoledad.com\/index.php\/wp-json\/wp\/v2\/types\/post"}],"author":[{"embeddable":true,"href":"https:\/\/cronicadesoledad.com\/index.php\/wp-json\/wp\/v2\/users\/2"}],"replies":[{"embeddable":true,"href":"https:\/\/cronicadesoledad.com\/index.php\/wp-json\/wp\/v2\/comments?post=6974"}],"version-history":[{"count":1,"href":"https:\/\/cronicadesoledad.com\/index.php\/wp-json\/wp\/v2\/posts\/6974\/revisions"}],"predecessor-version":[{"id":6976,"href":"https:\/\/cronicadesoledad.com\/index.php\/wp-json\/wp\/v2\/posts\/6974\/revisions\/6976"}],"wp:featuredmedia":[{"embeddable":true,"href":"https:\/\/cronicadesoledad.com\/index.php\/wp-json\/wp\/v2\/media\/6975"}],"wp:attachment":[{"href":"https:\/\/cronicadesoledad.com\/index.php\/wp-json\/wp\/v2\/media?parent=6974"}],"wp:term":[{"taxonomy":"category","embeddable":true,"href":"https:\/\/cronicadesoledad.com\/index.php\/wp-json\/wp\/v2\/categories?post=6974"},{"taxonomy":"post_tag","embeddable":true,"href":"https:\/\/cronicadesoledad.com\/index.php\/wp-json\/wp\/v2\/tags?post=6974"}],"curies":[{"name":"wp","href":"https:\/\/api.w.org\/{rel}","templated":true}]}}