{"id":6995,"date":"2023-11-15T13:38:56","date_gmt":"2023-11-15T19:38:56","guid":{"rendered":"https:\/\/cronicadesoledad.com\/?p=6995"},"modified":"2023-11-15T13:38:57","modified_gmt":"2023-11-15T19:38:57","slug":"a-pocas-horas-de-los-latin-grammys-2023","status":"publish","type":"post","link":"https:\/\/cronicadesoledad.com\/index.php\/2023\/11\/15\/a-pocas-horas-de-los-latin-grammys-2023\/","title":{"rendered":"\u00a1A pocas horas de los Latin Grammys 2023!\u00a0"},"content":{"rendered":"\n<h2 class=\"wp-block-heading\">Ma\u00f1ana es el d\u00eda de una de las premiaciones m\u00e1s importantes de la m\u00fasica latina, te taremos informaci\u00f3n para que no te los pierdas.\u00a0<\/h2>\n\n\n\n<p>El d\u00eda est\u00e1 m\u00e1s que cerca, el 16 de noviembre es la fecha pactada para los primeros premios Latin Grammy que ser\u00e1n entregados fuera de Estados Unidos. La ceremonia se llevar\u00e1 a cabo en el Palacio de Congresos y Exposiciones de Sevilla, Espa\u00f1a.&nbsp;<\/p>\n\n\n\n<p>La premiaci\u00f3n inicia en punto de las 9:30 (hora de Espa\u00f1a) con Sebasti\u00e1n Yatra, Paz Vega, Danna Paola y Roselyn S\u00e1nchez como conductores. Podr\u00e1s ver esta gran premiaci\u00f3n de la m\u00fasica latina en Televisa Univisi\u00f3n.&nbsp;<\/p>\n\n\n\n<p>Este a\u00f1o se contar\u00e1 con las actuaciones estelares de Rosal\u00eda, Shakira, Maluma, Rauw Alejandro, Alejandro Sanz, Sebasti\u00e1n Yatra, Christian Nodal, Milo J, Andrea Bocelli , Feid, Bizarrap, Mar\u00eda Becerra, David Bisbal, Justin Quiles, Juanes, Camilo, Pablo Albor\u00e1n, Le\u00f3n Leiden, Joaquina, Paola Guanche, Borja, Gale, Natascha Falc\u00e3o, Peso Pluma, Ozuna, Iza, Manuel Carrasco, Edgar Barrera y Eslab\u00f3n Armado.<\/p>\n\n\n\n<p>A continuaci\u00f3n te presentamos las nominaciones principales de este a\u00f1o.<\/p>\n\n\n\n<p><strong>Canci\u00f3n del a\u00f1o.<\/strong><\/p>\n\n\n\n<ul class=\"wp-block-list\">\n<li>Acr\u00f3stico&nbsp;&#8211; Shakira<\/li>\n\n\n\n<li><em>Amigos<\/em>&nbsp;&#8211; Pablo Albor\u00e1n y Mar\u00eda Becerra<\/li>\n\n\n\n<li><em>Ella baila sola<\/em>&nbsp;&#8211; Eslab\u00f3n Armado y Peso Pluma<\/li>\n\n\n\n<li>Shakira: BZRP Music sessions, VOL. 53&nbsp;&#8211; Shakira<\/li>\n\n\n\n<li><em>NASA<\/em>&nbsp;&#8211; Alejandro Sanz y Camilo<\/li>\n\n\n\n<li><em>Si t\u00fa me quieres&nbsp;<\/em>&#8211; Fonseca y Juan Luis Guerra<\/li>\n\n\n\n<li><em>TQG&nbsp;<\/em>&#8211; Karol G y Shakira<\/li>\n\n\n\n<li>De todas las flores&nbsp;&#8211; Natalia Lafourcade<\/li>\n\n\n\n<li><em>Ojos marrones<\/em>&nbsp;&#8211; Lasso y Sebasti\u00e1n Yatra<\/li>\n<\/ul>\n\n\n\n<p><strong>Grabaci\u00f3n del a\u00f1o<\/strong><\/p>\n\n\n\n<ul class=\"wp-block-list\">\n<li>No es que te extra\u00f1e&nbsp;&#8211; Christina Aguilera<\/li>\n\n\n\n<li>Carretera y manta&nbsp;&#8211; Pablo Albor\u00e1n<\/li>\n\n\n\n<li><em>D\u00e9jame llorarte<\/em>&nbsp;&#8211; Paula Arenas y Jes\u00fas Navarro<\/li>\n\n\n\n<li>Shakira: BZRP Music Sessions, vol. 53&nbsp;&#8211; Shakira<\/li>\n\n\n\n<li><em>Si t\u00fa me quieres<\/em>&nbsp;&#8211; Juan Luis Guerra<\/li>\n\n\n\n<li>Mientras me curo del cora&nbsp;&#8211; Karol G<\/li>\n\n\n\n<li>De todas las flores&nbsp;&#8211; Natalia Lafourcade<\/li>\n\n\n\n<li>Ojos marrones&nbsp;&#8211; Lasso<\/li>\n\n\n\n<li><em>La F\u00f3rmula<\/em>&nbsp;&#8211; Maluma y Marc Anthony<\/li>\n\n\n\n<li>Despech\u00e1&nbsp;&#8211; Rosal\u00eda<\/li>\n\n\n\n<li><em>Correcaminos&nbsp;<\/em>&#8211; Alejandro Sanz<\/li>\n<\/ul>\n\n\n\n<p><strong>\u00c1lbum del a\u00f1o<\/strong><\/p>\n\n\n\n<ul class=\"wp-block-list\">\n<li>La cu4rta hoja&nbsp;&#8211; Pablo Albor\u00e1n<\/li>\n\n\n\n<li><em>A ciegas<\/em>&nbsp;&#8211; Paula Arenas<\/li>\n\n\n\n<li>De adentro pa afuera&nbsp;&#8211; Camilo<\/li>\n\n\n\n<li><em>D\u00e9cimo cuarto<\/em>&nbsp;&#8211; Andr\u00e9s Cepeda<\/li>\n\n\n\n<li>Vida cotidiana&nbsp;&#8211; Juanes<\/li>\n\n\n\n<li>Ma\u00f1ana ser\u00e1 bonito&nbsp;&#8211; Karol G<\/li>\n\n\n\n<li><em>De todas las flore<\/em>s &#8211; Natalia Lafourcade<\/li>\n\n\n\n<li><em>Play &#8211;&nbsp;<\/em>Ricky Martin<\/li>\n\n\n\n<li>Eadda9223 &#8211;&nbsp;Fito Paez<\/li>\n\n\n\n<li>Escalona Nunca Se Hab\u00eda Grabado As\u00ed&nbsp;&#8211; Carlos Vives<\/li>\n<\/ul>\n\n\n\n<p><strong>Nuevo artista&nbsp;<\/strong><\/p>\n\n\n\n<ul class=\"wp-block-list\">\n<li>Borja<\/li>\n\n\n\n<li>Conexi\u00f3n Divina<\/li>\n\n\n\n<li>Ana del Castillo<\/li>\n\n\n\n<li>Natasha Felc\u00e4o<\/li>\n\n\n\n<li>Gale<\/li>\n\n\n\n<li>Paola Guanche<\/li>\n\n\n\n<li>Joaquina<\/li>\n\n\n\n<li>Leon Leiden<\/li>\n\n\n\n<li>Mar\u00e9h<\/li>\n\n\n\n<li>Timo<\/li>\n<\/ul>\n","protected":false},"excerpt":{"rendered":"<p>Ma\u00f1ana es el d\u00eda de una de las premiaciones m\u00e1s importantes de la m\u00fasica latina, te taremos informaci\u00f3n para que no te los pierdas.\u00a0 El d\u00eda est\u00e1 m\u00e1s que cerca, el 16 de noviembre es la fecha pactada para los primeros premios Latin Grammy que ser\u00e1n entregados fuera de Estados Unidos. La ceremonia se llevar\u00e1 [&hellip;]<\/p>\n","protected":false},"author":6,"featured_media":6996,"comment_status":"open","ping_status":"open","sticky":false,"template":"","format":"standard","meta":{"footnotes":""},"categories":[1,24,21],"tags":[414,672,288,723,724],"class_list":{"0":"post-6995","1":"post","2":"type-post","3":"status-publish","4":"format-standard","5":"has-post-thumbnail","7":"category-destacadas","8":"category-informacion-general","9":"category-tu-soledad","10":"tag-espectaculos","11":"tag-grammys","12":"tag-internacional","13":"tag-latin-grammy","14":"tag-musica-latina"},"_links":{"self":[{"href":"https:\/\/cronicadesoledad.com\/index.php\/wp-json\/wp\/v2\/posts\/6995","targetHints":{"allow":["GET"]}}],"collection":[{"href":"https:\/\/cronicadesoledad.com\/index.php\/wp-json\/wp\/v2\/posts"}],"about":[{"href":"https:\/\/cronicadesoledad.com\/index.php\/wp-json\/wp\/v2\/types\/post"}],"author":[{"embeddable":true,"href":"https:\/\/cronicadesoledad.com\/index.php\/wp-json\/wp\/v2\/users\/6"}],"replies":[{"embeddable":true,"href":"https:\/\/cronicadesoledad.com\/index.php\/wp-json\/wp\/v2\/comments?post=6995"}],"version-history":[{"count":1,"href":"https:\/\/cronicadesoledad.com\/index.php\/wp-json\/wp\/v2\/posts\/6995\/revisions"}],"predecessor-version":[{"id":6997,"href":"https:\/\/cronicadesoledad.com\/index.php\/wp-json\/wp\/v2\/posts\/6995\/revisions\/6997"}],"wp:featuredmedia":[{"embeddable":true,"href":"https:\/\/cronicadesoledad.com\/index.php\/wp-json\/wp\/v2\/media\/6996"}],"wp:attachment":[{"href":"https:\/\/cronicadesoledad.com\/index.php\/wp-json\/wp\/v2\/media?parent=6995"}],"wp:term":[{"taxonomy":"category","embeddable":true,"href":"https:\/\/cronicadesoledad.com\/index.php\/wp-json\/wp\/v2\/categories?post=6995"},{"taxonomy":"post_tag","embeddable":true,"href":"https:\/\/cronicadesoledad.com\/index.php\/wp-json\/wp\/v2\/tags?post=6995"}],"curies":[{"name":"wp","href":"https:\/\/api.w.org\/{rel}","templated":true}]}}