{"id":6998,"date":"2023-11-15T20:40:03","date_gmt":"2023-11-16T02:40:03","guid":{"rendered":"https:\/\/cronicadesoledad.com\/?p=6998"},"modified":"2023-11-15T20:40:05","modified_gmt":"2023-11-16T02:40:05","slug":"soledad-se-suma-al-operativo-otono-invierno-2023","status":"publish","type":"post","link":"https:\/\/cronicadesoledad.com\/index.php\/2023\/11\/15\/soledad-se-suma-al-operativo-otono-invierno-2023\/","title":{"rendered":"Soledad se suma al operativo &#8220;Oto\u00f1o &#8211; Invierno 2023&#8221;"},"content":{"rendered":"\n<p>En aras de colaborar en la garant\u00eda de la paz y tranquilidad de la poblaci\u00f3n, de cara al cierre de a\u00f1o y fiestas decembrinas en Soledad de Graciano S\u00e1nchez, la Alcaldesa Leonor Noyola Cervantes respondi\u00f3 al llamado de coordinaci\u00f3n por parte del Gobernador del Estado, Ricardo Gallardo Cardona, y acudi\u00f3 al arranque del Operativo &#8220;Oto\u00f1o &#8211; Invierno 2023&#8221;, que se llev\u00f3 a cabo en las instalaciones de la Doceava Zona Militar.<\/p>\n\n\n\n<p>La jefa del Gobierno municipal destac\u00f3 la importancia de estos dispositivos interinstitucionales para actuar mediante la prevenci\u00f3n y vigilancia, brindando acciones de protecci\u00f3n ciudadana con la labor de corporaciones federales, estatales y municipales. Destac\u00f3 que Soledad de Graciano S\u00e1nchez apoyar\u00e1 con m\u00e1s de 35 agentes operativos en el dispositivo y siete unidades patrullas.<\/p>\n\n\n\n<p>Durante este arranque, tambi\u00e9n se cont\u00f3 con la participaci\u00f3n del Director General de Seguridad P\u00fablica Municipal, comisario H\u00e9ctor Edgar Mar del \u00c1ngel, qui\u00e9n manifest\u00f3 que el municipio soledense ser\u00e1 siempre un aliado de la cooperaci\u00f3n en materia de seguridad p\u00fablica.<\/p>\n\n\n\n<p>El Operativo &#8220;Oto\u00f1o &#8211; Invierno 2023&#8221; se trabajar\u00e1 mediante una estrecha labor conjunta que mantendr\u00e1 presencia en plazas comerciales, \u00e1reas principales de establecimientos en el municipio, \u00e1reas recreativas y sucursales bancarias. Dicha actuaci\u00f3n policial comenzar\u00e1 a partir de este 15 de noviembre para dar tranquilidad a la poblaci\u00f3n desde &#8220;El Buen Fin&#8221;, y que puedan efectuar sus compras con toda tranquilidad, a sabiendas del apoyo que brindar\u00e1n el Ej\u00e9rcito Mexicano, Guardia Nacional y Guardia Civil Estatal.<\/p>\n\n\n\n<p>Por parte de la corporaci\u00f3n municipal se pone a la disposici\u00f3n de toda la ciudadan\u00eda las l\u00edneas de atenci\u00f3n directas, para atender a la brevedad cualquier auxilio, emergencia o situaci\u00f3n de riesgo que observen o que necesite la poblaci\u00f3n, y que funcionan a la par de la l\u00ednea 911 a nivel estado. Las n\u00fameros de atenci\u00f3n directos son: 4448547807 y 4448547808, de la comandancia central en Pav\u00f3n; 4441131451, de la comandancia Diamante en la colonia Rivas Guill\u00e9n; 4442897141, de la comandancia Grecia en la colonia Morelos; 4441797012, de la comandancia Torre en la colonia San Luis 1; y al 444854 7808, de la Direcci\u00f3n de Tr\u00e1nsito y Polic\u00eda Vial.<\/p>\n","protected":false},"excerpt":{"rendered":"<p>En aras de colaborar en la garant\u00eda de la paz y tranquilidad de la poblaci\u00f3n, de cara al cierre de a\u00f1o y fiestas decembrinas en Soledad de Graciano S\u00e1nchez, la Alcaldesa Leonor Noyola Cervantes respondi\u00f3 al llamado de coordinaci\u00f3n por parte del Gobernador del Estado, Ricardo Gallardo Cardona, y acudi\u00f3 al arranque del Operativo &#8220;Oto\u00f1o [&hellip;]<\/p>\n","protected":false},"author":2,"featured_media":6999,"comment_status":"open","ping_status":"open","sticky":false,"template":"","format":"standard","meta":{"footnotes":""},"categories":[30,1,24,19,21],"tags":[223,29,725,726,367,177,294,276,27],"class_list":{"0":"post-6998","1":"post","2":"type-post","3":"status-publish","4":"format-standard","5":"has-post-thumbnail","7":"category-de-la-region-centro","8":"category-destacadas","9":"category-informacion-general","10":"category-seguridad","11":"category-tu-soledad","12":"tag-ayuntamiento-soledense","13":"tag-leonor-noyola","14":"tag-operativo","15":"tag-operativo-otono-invierno-2023","16":"tag-policia","17":"tag-ricardo-gallardo","18":"tag-san-luis","19":"tag-seguridad","20":"tag-soledad"},"_links":{"self":[{"href":"https:\/\/cronicadesoledad.com\/index.php\/wp-json\/wp\/v2\/posts\/6998","targetHints":{"allow":["GET"]}}],"collection":[{"href":"https:\/\/cronicadesoledad.com\/index.php\/wp-json\/wp\/v2\/posts"}],"about":[{"href":"https:\/\/cronicadesoledad.com\/index.php\/wp-json\/wp\/v2\/types\/post"}],"author":[{"embeddable":true,"href":"https:\/\/cronicadesoledad.com\/index.php\/wp-json\/wp\/v2\/users\/2"}],"replies":[{"embeddable":true,"href":"https:\/\/cronicadesoledad.com\/index.php\/wp-json\/wp\/v2\/comments?post=6998"}],"version-history":[{"count":1,"href":"https:\/\/cronicadesoledad.com\/index.php\/wp-json\/wp\/v2\/posts\/6998\/revisions"}],"predecessor-version":[{"id":7000,"href":"https:\/\/cronicadesoledad.com\/index.php\/wp-json\/wp\/v2\/posts\/6998\/revisions\/7000"}],"wp:featuredmedia":[{"embeddable":true,"href":"https:\/\/cronicadesoledad.com\/index.php\/wp-json\/wp\/v2\/media\/6999"}],"wp:attachment":[{"href":"https:\/\/cronicadesoledad.com\/index.php\/wp-json\/wp\/v2\/media?parent=6998"}],"wp:term":[{"taxonomy":"category","embeddable":true,"href":"https:\/\/cronicadesoledad.com\/index.php\/wp-json\/wp\/v2\/categories?post=6998"},{"taxonomy":"post_tag","embeddable":true,"href":"https:\/\/cronicadesoledad.com\/index.php\/wp-json\/wp\/v2\/tags?post=6998"}],"curies":[{"name":"wp","href":"https:\/\/api.w.org\/{rel}","templated":true}]}}