{"id":7004,"date":"2023-11-15T21:00:00","date_gmt":"2023-11-16T03:00:00","guid":{"rendered":"https:\/\/cronicadesoledad.com\/?p=7004"},"modified":"2023-11-15T20:45:27","modified_gmt":"2023-11-16T02:45:27","slug":"brindan-mantenimiento-integral-y-permanente-a-areas-verdes-y-recreativas","status":"publish","type":"post","link":"https:\/\/cronicadesoledad.com\/index.php\/2023\/11\/15\/brindan-mantenimiento-integral-y-permanente-a-areas-verdes-y-recreativas\/","title":{"rendered":"Brindan mantenimiento integral y permanente a \u00e1reas verdes y recreativas"},"content":{"rendered":"\n<p>Con un total de casi 200 jornadas de rehabilitaci\u00f3n integral en \u00c1reas Recreativas y espacios verdes de Soledad de Graciano S\u00e1nchez, la Direcci\u00f3n de Servicios Municipales reafirma las acciones a favor del medio ambiente y del sano esparcimiento de las familias del municipio, garantizando sitios en buenas condiciones a trav\u00e9s de labores de deshierbe, aplicaci\u00f3n de pintura, reforestaci\u00f3n y limpieza general.<\/p>\n\n\n\n<p>As\u00ed lo inform\u00f3 el director de esta dependencia, Conrado P\u00e9res, quien explic\u00f3 que a lo largo de este a\u00f1o 2023, se ha atendido la cifra antes mencionada en todas las zonas del municipio, principalmente, en la Oriente, donde la solicitud de habitantes ha sido mayor. Manifest\u00f3 que hay \u00c1reas Recreativas que han sido intervenidas hasta en tres ocasiones, debido a los da\u00f1os por condiciones climatol\u00f3gicas, por grafiti o por uso de sus instalaciones.<\/p>\n\n\n\n<p>Al respecto, hizo un llamado a la poblaci\u00f3n soledense a sumarse al trabajo del Ayuntamiento para mantener estos espacios en perfectas condiciones, reportar cualquier mal uso o acto de vandalismo, incluso; para que de inmediato se atienda la petici\u00f3n.<\/p>\n\n\n\n<p>Indic\u00f3 que los trabajos que se realizan consisten en deshierbe, poda de \u00e1rboles, rehabilitaci\u00f3n de luminarias, renovaci\u00f3n de pintura, barrido y recolecta de residuos s\u00f3lidos, los cuales se llevan a cabo con apoyo de las tres \u00e1reas que integran la Direcci\u00f3n: Imagen Urbana, Aseo P\u00fablico y Alumbrado P\u00fablico.<\/p>\n\n\n\n<p>Inform\u00f3 que, en los \u00faltimos d\u00edas, se atendieron las \u00c1reas Recreativas de San Felipe, Hacienda San Miguel, San Isidro, El Polvor\u00edn, Fidel Vel\u00e1zquez, y se tiene un trabajo constante de las mismas, debido a que es un mantenimiento sin descanso y aun en d\u00edas festivos o fines de semana, se realiza con todo el personal a cargo.<\/p>\n","protected":false},"excerpt":{"rendered":"<p>Con un total de casi 200 jornadas de rehabilitaci\u00f3n integral en \u00c1reas Recreativas y espacios verdes de Soledad de Graciano S\u00e1nchez, la Direcci\u00f3n de Servicios Municipales reafirma las acciones a favor del medio ambiente y del sano esparcimiento de las familias del municipio, garantizando sitios en buenas condiciones a trav\u00e9s de labores de deshierbe, aplicaci\u00f3n [&hellip;]<\/p>\n","protected":false},"author":2,"featured_media":7005,"comment_status":"open","ping_status":"open","sticky":false,"template":"","format":"standard","meta":{"footnotes":""},"categories":[30,1,24,21],"tags":[731,729,223,730,294,27],"class_list":{"0":"post-7004","1":"post","2":"type-post","3":"status-publish","4":"format-standard","5":"has-post-thumbnail","7":"category-de-la-region-centro","8":"category-destacadas","9":"category-informacion-general","10":"category-tu-soledad","11":"tag-areas-recreativas","12":"tag-areas-verdes","13":"tag-ayuntamiento-soledense","14":"tag-mantenimiento","15":"tag-san-luis","16":"tag-soledad"},"_links":{"self":[{"href":"https:\/\/cronicadesoledad.com\/index.php\/wp-json\/wp\/v2\/posts\/7004","targetHints":{"allow":["GET"]}}],"collection":[{"href":"https:\/\/cronicadesoledad.com\/index.php\/wp-json\/wp\/v2\/posts"}],"about":[{"href":"https:\/\/cronicadesoledad.com\/index.php\/wp-json\/wp\/v2\/types\/post"}],"author":[{"embeddable":true,"href":"https:\/\/cronicadesoledad.com\/index.php\/wp-json\/wp\/v2\/users\/2"}],"replies":[{"embeddable":true,"href":"https:\/\/cronicadesoledad.com\/index.php\/wp-json\/wp\/v2\/comments?post=7004"}],"version-history":[{"count":1,"href":"https:\/\/cronicadesoledad.com\/index.php\/wp-json\/wp\/v2\/posts\/7004\/revisions"}],"predecessor-version":[{"id":7006,"href":"https:\/\/cronicadesoledad.com\/index.php\/wp-json\/wp\/v2\/posts\/7004\/revisions\/7006"}],"wp:featuredmedia":[{"embeddable":true,"href":"https:\/\/cronicadesoledad.com\/index.php\/wp-json\/wp\/v2\/media\/7005"}],"wp:attachment":[{"href":"https:\/\/cronicadesoledad.com\/index.php\/wp-json\/wp\/v2\/media?parent=7004"}],"wp:term":[{"taxonomy":"category","embeddable":true,"href":"https:\/\/cronicadesoledad.com\/index.php\/wp-json\/wp\/v2\/categories?post=7004"},{"taxonomy":"post_tag","embeddable":true,"href":"https:\/\/cronicadesoledad.com\/index.php\/wp-json\/wp\/v2\/tags?post=7004"}],"curies":[{"name":"wp","href":"https:\/\/api.w.org\/{rel}","templated":true}]}}