{"id":7017,"date":"2023-11-16T12:28:17","date_gmt":"2023-11-16T18:28:17","guid":{"rendered":"https:\/\/cronicadesoledad.com\/?p=7017"},"modified":"2023-11-16T12:28:18","modified_gmt":"2023-11-16T18:28:18","slug":"docentes-y-familias-se-organizan-para-que-la-educacion-basica-no-pare","status":"publish","type":"post","link":"https:\/\/cronicadesoledad.com\/index.php\/2023\/11\/16\/docentes-y-familias-se-organizan-para-que-la-educacion-basica-no-pare\/","title":{"rendered":"Docentes y familias se organizan para que la educaci\u00f3n b\u00e1sica no pare"},"content":{"rendered":"\n<h2 class=\"wp-block-heading\">Docentes y padres y madres de familia comenzaron a organizarse para que las ni\u00f1as y ni\u00f1os de Acapulco no atrasen m\u00e1s sus estudios.\u00a0<\/h2>\n\n\n\n<p>Tras el paso de Otis en Guerrero, algunas de escuelas de las zonas m\u00e1s afectadas como Acapulco quedaron inservibles por los severos da\u00f1os que recibieron. Desde el impacto del hurac\u00e1n hace m\u00e1s de 20 d\u00edas, las infancias en estas zonas se vieron severamente afectadas incluidas en su educaci\u00f3n.&nbsp;<\/p>\n\n\n\n<p>En respuesta a esta situaci\u00f3n, algunas maestras han tomado la iniciativa y comenzaron a organizarse con madres y padres de familia para encargarles actividades que pueden realizar en casa para que las ni\u00f1as y ni\u00f1os puedan continuar de alguna manera con sus estudios.&nbsp;<\/p>\n\n\n\n<p>Sin embargo, esta fue iniciativa propia de algunas maestras, no es una realidad en todo Acapulco. Ante al emergencia la Secretaria de Educaci\u00f3n P\u00fablica suspendi\u00f3 las clases en las escuelas acapulque\u00f1as y la Secretar\u00eda de Educaci\u00f3n de Guerrero hasta el momento ha declarado que el regreso a clases ser\u00e1 por etapas.&nbsp;<\/p>\n\n\n\n<p>La realidad para las infancias, adolescentes y j\u00f3venes estudiantes en Acapulco es que muchos de ellos han tenido que irse de Guerrero en busca de la posibilidad de seguir estudiando y un ambiente m\u00e1s seguro y con menos posibilidades de enfermedades como lo es ahora lo que era su hogar.&nbsp;<\/p>\n","protected":false},"excerpt":{"rendered":"<p>Docentes y padres y madres de familia comenzaron a organizarse para que las ni\u00f1as y ni\u00f1os de Acapulco no atrasen m\u00e1s sus estudios.\u00a0 Tras el paso de Otis en Guerrero, algunas de escuelas de las zonas m\u00e1s afectadas como Acapulco quedaron inservibles por los severos da\u00f1os que recibieron. Desde el impacto del hurac\u00e1n hace m\u00e1s [&hellip;]<\/p>\n","protected":false},"author":6,"featured_media":7019,"comment_status":"open","ping_status":"open","sticky":false,"template":"","format":"standard","meta":{"footnotes":""},"categories":[1,24,21],"tags":[320,539,514,288,287],"class_list":{"0":"post-7017","1":"post","2":"type-post","3":"status-publish","4":"format-standard","5":"has-post-thumbnail","7":"category-destacadas","8":"category-informacion-general","9":"category-tu-soledad","10":"tag-educacion","11":"tag-huracan-en-acapulco","12":"tag-huracan-otis","13":"tag-internacional","14":"tag-nacional"},"_links":{"self":[{"href":"https:\/\/cronicadesoledad.com\/index.php\/wp-json\/wp\/v2\/posts\/7017","targetHints":{"allow":["GET"]}}],"collection":[{"href":"https:\/\/cronicadesoledad.com\/index.php\/wp-json\/wp\/v2\/posts"}],"about":[{"href":"https:\/\/cronicadesoledad.com\/index.php\/wp-json\/wp\/v2\/types\/post"}],"author":[{"embeddable":true,"href":"https:\/\/cronicadesoledad.com\/index.php\/wp-json\/wp\/v2\/users\/6"}],"replies":[{"embeddable":true,"href":"https:\/\/cronicadesoledad.com\/index.php\/wp-json\/wp\/v2\/comments?post=7017"}],"version-history":[{"count":1,"href":"https:\/\/cronicadesoledad.com\/index.php\/wp-json\/wp\/v2\/posts\/7017\/revisions"}],"predecessor-version":[{"id":7020,"href":"https:\/\/cronicadesoledad.com\/index.php\/wp-json\/wp\/v2\/posts\/7017\/revisions\/7020"}],"wp:featuredmedia":[{"embeddable":true,"href":"https:\/\/cronicadesoledad.com\/index.php\/wp-json\/wp\/v2\/media\/7019"}],"wp:attachment":[{"href":"https:\/\/cronicadesoledad.com\/index.php\/wp-json\/wp\/v2\/media?parent=7017"}],"wp:term":[{"taxonomy":"category","embeddable":true,"href":"https:\/\/cronicadesoledad.com\/index.php\/wp-json\/wp\/v2\/categories?post=7017"},{"taxonomy":"post_tag","embeddable":true,"href":"https:\/\/cronicadesoledad.com\/index.php\/wp-json\/wp\/v2\/tags?post=7017"}],"curies":[{"name":"wp","href":"https:\/\/api.w.org\/{rel}","templated":true}]}}