{"id":7063,"date":"2023-11-17T20:30:00","date_gmt":"2023-11-18T02:30:00","guid":{"rendered":"https:\/\/cronicadesoledad.com\/?p=7063"},"modified":"2023-11-17T18:22:23","modified_gmt":"2023-11-18T00:22:23","slug":"este-lunes-desfile-civico-por-aniversario-de-la-revolucion-mexicana","status":"publish","type":"post","link":"https:\/\/cronicadesoledad.com\/index.php\/2023\/11\/17\/este-lunes-desfile-civico-por-aniversario-de-la-revolucion-mexicana\/","title":{"rendered":"Este lunes, desfile c\u00edvico por aniversario de la Revoluci\u00f3n Mexicana"},"content":{"rendered":"\n<p>En el marco de la conmemoraci\u00f3n del 113 aniversario de la Revoluci\u00f3n Mexicana; el municipio de Soledad de Graciano S\u00e1nchez se prepara para llevar a cabo el tradicional Desfile conmemorativo este 20 de noviembre, por ello, la Coordinaci\u00f3n de Protecci\u00f3n Civil Municipal y la Direcci\u00f3n de Educaci\u00f3n y Acci\u00f3n C\u00edvica trabajan de la mano con otras \u00e1reas municipales con el compromiso de velar por la integridad de las y los participantes y asistentes a este evento patri\u00f3tico.<\/p>\n\n\n\n<p>Mart\u00edn Bravo Galicia, Coordinador de Protecci\u00f3n Civil Municipal, anunci\u00f3 la activa participaci\u00f3n de 51 elementos de su dependencia; dicho equipo, ser\u00e1 respaldado por tres veh\u00edculos y tres motocicletas que ejecutar\u00e1n acciones permanentes de vigilancia durante el desarrollo del Desfile, adem\u00e1s, se contar\u00e1 con la presencia de 13 param\u00e9dicos, preparados para responder a cualquier eventualidad.<\/p>\n\n\n\n<p>Por su parte, Jos\u00e9 Juan Castro Castillo, director de Educaci\u00f3n Municipal, inform\u00f3 que se contar\u00e1 con la participaci\u00f3n de un contingente de mil 800 personas, de las cuales mil 300 ser\u00e1n alumnos y alumnas de diversas instituciones educativas, desde jardines de ni\u00f1os hasta preparatorias, adem\u00e1s se contempl\u00f3 la participaci\u00f3n de equipos de diferentes 500 representantes de diferentes disciplinas deportivas, instituciones militares y del Gobierno Municipal.<\/p>\n\n\n\n<p>El Desfile est\u00e1 programado para el lunes 20 de noviembre, comenzando a las 8:00 horas; la ruta iniciar\u00e1 en la calle de Ju\u00e1rez para posteriormente tomar la lateral de carretera Matehuala hasta tomar la calle Hidalgo y concluir nuevamente en la calle Ju\u00e1rez. Para este evento, se espera la asistencia activa de la comunidad.<\/p>\n\n\n\n<p>Se extiende una cordial invitaci\u00f3n a la ciudadan\u00eda para que se una a este evento conmemorativo y c\u00e9lebre, junto con las autoridades municipales y educativas, este importante cap\u00edtulo de la historia de M\u00e9xico, con la intenci\u00f3n de que las nuevas generaciones se apropien de fechas significativas.<\/p>\n","protected":false},"excerpt":{"rendered":"<p>En el marco de la conmemoraci\u00f3n del 113 aniversario de la Revoluci\u00f3n Mexicana; el municipio de Soledad de Graciano S\u00e1nchez se prepara para llevar a cabo el tradicional Desfile conmemorativo este 20 de noviembre, por ello, la Coordinaci\u00f3n de Protecci\u00f3n Civil Municipal y la Direcci\u00f3n de Educaci\u00f3n y Acci\u00f3n C\u00edvica trabajan de la mano con [&hellip;]<\/p>\n","protected":false},"author":2,"featured_media":7064,"comment_status":"open","ping_status":"open","sticky":false,"template":"","format":"standard","meta":{"footnotes":""},"categories":[30,1,24,21],"tags":[223,759,287,697,294,27],"class_list":{"0":"post-7063","1":"post","2":"type-post","3":"status-publish","4":"format-standard","5":"has-post-thumbnail","7":"category-de-la-region-centro","8":"category-destacadas","9":"category-informacion-general","10":"category-tu-soledad","11":"tag-ayuntamiento-soledense","12":"tag-desfile","13":"tag-nacional","14":"tag-revolucion-mexicana","15":"tag-san-luis","16":"tag-soledad"},"_links":{"self":[{"href":"https:\/\/cronicadesoledad.com\/index.php\/wp-json\/wp\/v2\/posts\/7063","targetHints":{"allow":["GET"]}}],"collection":[{"href":"https:\/\/cronicadesoledad.com\/index.php\/wp-json\/wp\/v2\/posts"}],"about":[{"href":"https:\/\/cronicadesoledad.com\/index.php\/wp-json\/wp\/v2\/types\/post"}],"author":[{"embeddable":true,"href":"https:\/\/cronicadesoledad.com\/index.php\/wp-json\/wp\/v2\/users\/2"}],"replies":[{"embeddable":true,"href":"https:\/\/cronicadesoledad.com\/index.php\/wp-json\/wp\/v2\/comments?post=7063"}],"version-history":[{"count":1,"href":"https:\/\/cronicadesoledad.com\/index.php\/wp-json\/wp\/v2\/posts\/7063\/revisions"}],"predecessor-version":[{"id":7065,"href":"https:\/\/cronicadesoledad.com\/index.php\/wp-json\/wp\/v2\/posts\/7063\/revisions\/7065"}],"wp:featuredmedia":[{"embeddable":true,"href":"https:\/\/cronicadesoledad.com\/index.php\/wp-json\/wp\/v2\/media\/7064"}],"wp:attachment":[{"href":"https:\/\/cronicadesoledad.com\/index.php\/wp-json\/wp\/v2\/media?parent=7063"}],"wp:term":[{"taxonomy":"category","embeddable":true,"href":"https:\/\/cronicadesoledad.com\/index.php\/wp-json\/wp\/v2\/categories?post=7063"},{"taxonomy":"post_tag","embeddable":true,"href":"https:\/\/cronicadesoledad.com\/index.php\/wp-json\/wp\/v2\/tags?post=7063"}],"curies":[{"name":"wp","href":"https:\/\/api.w.org\/{rel}","templated":true}]}}