{"id":7069,"date":"2023-11-18T15:33:50","date_gmt":"2023-11-18T21:33:50","guid":{"rendered":"https:\/\/cronicadesoledad.com\/?p=7069"},"modified":"2023-11-18T15:33:51","modified_gmt":"2023-11-18T21:33:51","slug":"regresa-la-feria-de-la-campechana-de-santa-maria-del-rio","status":"publish","type":"post","link":"https:\/\/cronicadesoledad.com\/index.php\/2023\/11\/18\/regresa-la-feria-de-la-campechana-de-santa-maria-del-rio\/","title":{"rendered":"Regresa la Feria de la Campechana de Santa Mar\u00eda del R\u00edo"},"content":{"rendered":"\n<p>Con el prop\u00f3sito de proyectar las riquezas naturales y arquitect\u00f3nicas de San Luis Potos\u00ed, se presentaron las actividades de la cuarta \u201cFeria de la Campechana y el Pan Artesanal\u201d, que se realizar\u00e1 del 18 al 20 de noviembre en la plaza \u201cMart\u00edn Bautista\u201d en el Pueblo M\u00e1gico de Santa Mar\u00eda del R\u00edo.<\/p>\n\n\n\n<p>El director de Culturas Populares de la Secult, Juan Jes\u00fas Ferrer, dijo que, en cumplimiento a la instrucci\u00f3n del Gobernador Ricardo Gallardo Cardona, este evento se impulsa en apoyo a las y los panaderos de Santa Mar\u00eda del R\u00edo, as\u00ed como a comerciantes, por lo que, extendi\u00f3 la invitaci\u00f3n a visitar este fin de semana a este Pueblo M\u00e1gico, que se encuentra a menos de una hora de la zona metropolitana.<\/p>\n\n\n\n<p>Detall\u00f3 que, en esta edici\u00f3n, se busca superar la derrama econ\u00f3mica generada el a\u00f1o pasado, que fue de aproximadamente medio mill\u00f3n de pesos.<\/p>\n\n\n\n<p>La alcaldesa de Santa Mar\u00eda del R\u00edo, Miriam Yolanda Mart\u00ednez Trejo, destac\u00f3 el apoyo del Gobernador Ricardo Gallardo Cardona para la realizaci\u00f3n de esta feria que coincide con el programa \u201cBuen Fin\u201d, lo que reactivar\u00e1 la econom\u00eda durante este fin de semana. Dijo que todo el programa podr\u00e1 ser consultado en las redes sociales del ayuntamiento de Santa Mar\u00eda del R\u00edo<a href=\"https:\/\/cultivarte.mx\/\">.<\/a><\/p>\n\n\n\n<p>Con informaci\u00f3n de C\u00f3digo San Luis. <\/p>\n","protected":false},"excerpt":{"rendered":"<p>Con el prop\u00f3sito de proyectar las riquezas naturales y arquitect\u00f3nicas de San Luis Potos\u00ed, se presentaron las actividades de la cuarta \u201cFeria de la Campechana y el Pan Artesanal\u201d, que se realizar\u00e1 del 18 al 20 de noviembre en la plaza \u201cMart\u00edn Bautista\u201d en el Pueblo M\u00e1gico de Santa Mar\u00eda del R\u00edo. El director de [&hellip;]<\/p>\n","protected":false},"author":6,"featured_media":7070,"comment_status":"open","ping_status":"open","sticky":false,"template":"","format":"standard","meta":{"footnotes":""},"categories":[1,24,21],"tags":[765,764,294,744],"class_list":{"0":"post-7069","1":"post","2":"type-post","3":"status-publish","4":"format-standard","5":"has-post-thumbnail","7":"category-destacadas","8":"category-informacion-general","9":"category-tu-soledad","10":"tag-campechanas","11":"tag-feria-de-la-campechana-y-el-pan-artesanal","12":"tag-san-luis","13":"tag-santa-maria-del-rio"},"_links":{"self":[{"href":"https:\/\/cronicadesoledad.com\/index.php\/wp-json\/wp\/v2\/posts\/7069","targetHints":{"allow":["GET"]}}],"collection":[{"href":"https:\/\/cronicadesoledad.com\/index.php\/wp-json\/wp\/v2\/posts"}],"about":[{"href":"https:\/\/cronicadesoledad.com\/index.php\/wp-json\/wp\/v2\/types\/post"}],"author":[{"embeddable":true,"href":"https:\/\/cronicadesoledad.com\/index.php\/wp-json\/wp\/v2\/users\/6"}],"replies":[{"embeddable":true,"href":"https:\/\/cronicadesoledad.com\/index.php\/wp-json\/wp\/v2\/comments?post=7069"}],"version-history":[{"count":1,"href":"https:\/\/cronicadesoledad.com\/index.php\/wp-json\/wp\/v2\/posts\/7069\/revisions"}],"predecessor-version":[{"id":7071,"href":"https:\/\/cronicadesoledad.com\/index.php\/wp-json\/wp\/v2\/posts\/7069\/revisions\/7071"}],"wp:featuredmedia":[{"embeddable":true,"href":"https:\/\/cronicadesoledad.com\/index.php\/wp-json\/wp\/v2\/media\/7070"}],"wp:attachment":[{"href":"https:\/\/cronicadesoledad.com\/index.php\/wp-json\/wp\/v2\/media?parent=7069"}],"wp:term":[{"taxonomy":"category","embeddable":true,"href":"https:\/\/cronicadesoledad.com\/index.php\/wp-json\/wp\/v2\/categories?post=7069"},{"taxonomy":"post_tag","embeddable":true,"href":"https:\/\/cronicadesoledad.com\/index.php\/wp-json\/wp\/v2\/tags?post=7069"}],"curies":[{"name":"wp","href":"https:\/\/api.w.org\/{rel}","templated":true}]}}