{"id":7090,"date":"2023-11-20T20:00:00","date_gmt":"2023-11-21T02:00:00","guid":{"rendered":"https:\/\/cronicadesoledad.com\/?p=7090"},"modified":"2023-11-20T18:09:53","modified_gmt":"2023-11-21T00:09:53","slug":"patriotico-desfile-por-el-aniversario-de-la-revolucion-mexicana","status":"publish","type":"post","link":"https:\/\/cronicadesoledad.com\/index.php\/2023\/11\/20\/patriotico-desfile-por-el-aniversario-de-la-revolucion-mexicana\/","title":{"rendered":"Patri\u00f3tico desfile por el aniversario de la Revoluci\u00f3n Mexicana"},"content":{"rendered":"\n<p>Integrado por un contingente de m\u00e1s de dos mil 500 personas, este lunes, el Ayuntamiento de Soledad de Graciano S\u00e1nchez realiz\u00f3 el Desfile conmemorativo por el 113 Aniversario de la Revoluci\u00f3n Mexicana, actividad encabezada por la Alcaldesa, Leonor Noyola Cervantes y la presidenta del DIF Municipal, Mar\u00eda del Pilar Cardona Reyna, y que recogi\u00f3 el entusiasmo, patriotismo y valor c\u00edvico de estudiantes, funcionariado p\u00fablico y otros sectores de la poblaci\u00f3n.<\/p>\n\n\n\n<p>El evento inici\u00f3 con un acto protocolario de saludo al l\u00e1baro patrio en la Plaza principal, con la presencia de elementos del 40 Batall\u00f3n de Infanter\u00eda y estudiantes de educaci\u00f3n b\u00e1sica, en donde se record\u00f3 la lucha de las y los personajes de la Revoluci\u00f3n, que dio paso a la libertad y el respeto a los derechos de grupos vulnerables.<\/p>\n\n\n\n<p>Noyola Cervantes destac\u00f3 el papel ejemplar de Soledad de Graciano S\u00e1nchez a nivel estatal, al ser un municipio que fortalece la identidad nacional, valores y principios c\u00edvicos, adem\u00e1s agradeci\u00f3 a las familias soledenses que con gran entusiasmo se dieron cita en la plaza principal del municipio desde temprana hora para rendir honor a la historia de M\u00e9xico.<\/p>\n\n\n\n<p>El contingente estuvo conformado por estudiantes y cuerpos de seguridad: Ej\u00e9rcito Mexicano, Guardia Nacional, Guardia Civil Estatal y Seguridad P\u00fablica Municipal; personal administrativo del Ayuntamiento, deportistas y jinetes, que entre m\u00fasica, porras y m\u00fasica recorrieron las calles Miguel Hidalgo, Carretera Matehuala, Benito Ju\u00e1rez hasta llegar a la Plaza principal del municipio.<\/p>\n\n\n\n<p>El evento transcurri\u00f3 sin incidencias gracias al operativo implementado por la Coordinaci\u00f3n Municipal de Protecci\u00f3n Civil, que despleg\u00f3 un total de 33 elementos que se mantuvieron pendientes del correcto desarrollo del evento, adem\u00e1s de tres veh\u00edculos y tres motocicletas que ejecutaron acciones permanentes de vigilancia sin dejar de lado los 13 param\u00e9dicos, preparados para responder a cualquier eventualidad.<\/p>\n\n\n\n<p>Este Desfile C\u00edvico consolida una tradici\u00f3n que conmemora un hecho hist\u00f3rico fundamental para M\u00e9xico y refleja la unidad y el compromiso arraigado en la comunidad de Soledad de Graciano S\u00e1nchez con sus ra\u00edces y valores.<\/p>\n\n\n\n<p>El evento cont\u00f3 con la presencia del secretario General del Ayuntamiento, Ernesto de Jes\u00fas Barajas \u00c1brego; Alejandro Serrano Cortes, Oficial Mayor; Mariana S\u00e1nchez Mart\u00ednez, Contralora Municipal; Jos\u00e9 Guadalupe P\u00e9rez Z\u00fa\u00f1iga, Tesorero Municipal; H\u00e9ctor Edgar Mar del \u00c1ngel, Director de Seguridad P\u00fablica Municipal; Jorge Ram\u00edrez Leiva, director de Fuerzas Municipales; Jos\u00e9 Juan Castro Castillo, director de Educaci\u00f3n; autoridades militares, representantes de sindicatos educativos, representantes del Poder Legislativo, entre otras importantes personalidades.<\/p>\n","protected":false},"excerpt":{"rendered":"<p>Integrado por un contingente de m\u00e1s de dos mil 500 personas, este lunes, el Ayuntamiento de Soledad de Graciano S\u00e1nchez realiz\u00f3 el Desfile conmemorativo por el 113 Aniversario de la Revoluci\u00f3n Mexicana, actividad encabezada por la Alcaldesa, Leonor Noyola Cervantes y la presidenta del DIF Municipal, Mar\u00eda del Pilar Cardona Reyna, y que recogi\u00f3 el [&hellip;]<\/p>\n","protected":false},"author":2,"featured_media":7091,"comment_status":"open","ping_status":"open","sticky":false,"template":"","format":"standard","meta":{"footnotes":""},"categories":[30,1,24,21],"tags":[281,223,759,29,287,697,294,27],"class_list":{"0":"post-7090","1":"post","2":"type-post","3":"status-publish","4":"format-standard","5":"has-post-thumbnail","7":"category-de-la-region-centro","8":"category-destacadas","9":"category-informacion-general","10":"category-tu-soledad","11":"tag-aniversario","12":"tag-ayuntamiento-soledense","13":"tag-desfile","14":"tag-leonor-noyola","15":"tag-nacional","16":"tag-revolucion-mexicana","17":"tag-san-luis","18":"tag-soledad"},"_links":{"self":[{"href":"https:\/\/cronicadesoledad.com\/index.php\/wp-json\/wp\/v2\/posts\/7090","targetHints":{"allow":["GET"]}}],"collection":[{"href":"https:\/\/cronicadesoledad.com\/index.php\/wp-json\/wp\/v2\/posts"}],"about":[{"href":"https:\/\/cronicadesoledad.com\/index.php\/wp-json\/wp\/v2\/types\/post"}],"author":[{"embeddable":true,"href":"https:\/\/cronicadesoledad.com\/index.php\/wp-json\/wp\/v2\/users\/2"}],"replies":[{"embeddable":true,"href":"https:\/\/cronicadesoledad.com\/index.php\/wp-json\/wp\/v2\/comments?post=7090"}],"version-history":[{"count":1,"href":"https:\/\/cronicadesoledad.com\/index.php\/wp-json\/wp\/v2\/posts\/7090\/revisions"}],"predecessor-version":[{"id":7092,"href":"https:\/\/cronicadesoledad.com\/index.php\/wp-json\/wp\/v2\/posts\/7090\/revisions\/7092"}],"wp:featuredmedia":[{"embeddable":true,"href":"https:\/\/cronicadesoledad.com\/index.php\/wp-json\/wp\/v2\/media\/7091"}],"wp:attachment":[{"href":"https:\/\/cronicadesoledad.com\/index.php\/wp-json\/wp\/v2\/media?parent=7090"}],"wp:term":[{"taxonomy":"category","embeddable":true,"href":"https:\/\/cronicadesoledad.com\/index.php\/wp-json\/wp\/v2\/categories?post=7090"},{"taxonomy":"post_tag","embeddable":true,"href":"https:\/\/cronicadesoledad.com\/index.php\/wp-json\/wp\/v2\/tags?post=7090"}],"curies":[{"name":"wp","href":"https:\/\/api.w.org\/{rel}","templated":true}]}}