{"id":7107,"date":"2023-11-21T12:05:47","date_gmt":"2023-11-21T18:05:47","guid":{"rendered":"https:\/\/cronicadesoledad.com\/?p=7107"},"modified":"2023-11-21T12:05:47","modified_gmt":"2023-11-21T18:05:47","slug":"denuncian-amenazas-de-parte-de-gente-armada-contra-las-madres-buscadoras-de-sonora","status":"publish","type":"post","link":"https:\/\/cronicadesoledad.com\/index.php\/2023\/11\/21\/denuncian-amenazas-de-parte-de-gente-armada-contra-las-madres-buscadoras-de-sonora\/","title":{"rendered":"Denuncian amenazas de parte de gente armada contra las madres buscadoras de Sonora\u00a0"},"content":{"rendered":"\n<h2 class=\"wp-block-heading\">Ceci Flores denunci\u00f3 que las madres buscadoras de Sonora fueron v\u00edctimas de amenazas mientras realizaban una jornada de b\u00fasqueda en el Cerro de la Virgen en Hermosillo.\u00a0<\/h2>\n\n\n\n<p>Cecilia Flores, l\u00edder de las madres buscadoras de Sonora, denunci\u00f3 que durante una b\u00fasqueda en el Cerro de la Virgen en Hermosillo fueron amenazadas por personas armadas. Estas personas les gritaron palabras obscenas y dispararon al aire en varias ocasiones.&nbsp;<\/p>\n\n\n\n<p>Mediante la red social X (Twitter), Cecilia solicit\u00f3 el apoyo de la Guardia Nacional y del Gobernador de Sonora, pero nadie atendi\u00f3 el llamado de las madres buscadoras. En respuesta la Comisi\u00f3n de B\u00fasqueda de Sonora coment\u00f3 que las personas hab\u00edan sido retiradas y las b\u00fasquedas hab\u00edan continuado sin problemas.\u00a0<\/p>\n\n\n<div class=\"wp-block-image\">\n<figure class=\"aligncenter size-large\"><img loading=\"lazy\" decoding=\"async\" width=\"961\" height=\"1024\" src=\"https:\/\/cronicadesoledad.com\/wp-content\/uploads\/2023\/11\/Captura-de-pantalla-2023-11-21-a-las-11.45.20\u202fa.m-961x1024.png\" alt=\"\" class=\"wp-image-7108\" srcset=\"https:\/\/cronicadesoledad.com\/wp-content\/uploads\/2023\/11\/Captura-de-pantalla-2023-11-21-a-las-11.45.20\u202fa.m-961x1024.png 961w, https:\/\/cronicadesoledad.com\/wp-content\/uploads\/2023\/11\/Captura-de-pantalla-2023-11-21-a-las-11.45.20\u202fa.m-282x300.png 282w, https:\/\/cronicadesoledad.com\/wp-content\/uploads\/2023\/11\/Captura-de-pantalla-2023-11-21-a-las-11.45.20\u202fa.m-768x818.png 768w, https:\/\/cronicadesoledad.com\/wp-content\/uploads\/2023\/11\/Captura-de-pantalla-2023-11-21-a-las-11.45.20\u202fa.m-696x741.png 696w, https:\/\/cronicadesoledad.com\/wp-content\/uploads\/2023\/11\/Captura-de-pantalla-2023-11-21-a-las-11.45.20\u202fa.m-1068x1138.png 1068w, https:\/\/cronicadesoledad.com\/wp-content\/uploads\/2023\/11\/Captura-de-pantalla-2023-11-21-a-las-11.45.20\u202fa.m.png 1164w\" sizes=\"auto, (max-width: 961px) 100vw, 961px\" \/><\/figure>\n<\/div>\n\n\n<p>A lo que m\u00e1s tarde la l\u00edder de las madres, respondi\u00f3 declarando que era totalmente falso. Este colectivo a solicitado el apoyo de las autoridades en varias ocasiones, pues sus labores de b\u00fasqueda se realizan en bald\u00edos o zonas alejadas de la ciudad poni\u00e9ndolas en potencial peligro. La tarea de las madres buscadoras es tan importante que hasta el momento han encontrado los restos de 7mil personas desaparecidas.&nbsp;<\/p>\n\n\n<div class=\"wp-block-image\">\n<figure class=\"aligncenter size-large\"><img loading=\"lazy\" decoding=\"async\" width=\"1024\" height=\"690\" src=\"https:\/\/cronicadesoledad.com\/wp-content\/uploads\/2023\/11\/Madres-buscadoras-de-Sonora-X-1024x690.png\" alt=\"\" class=\"wp-image-7109\" srcset=\"https:\/\/cronicadesoledad.com\/wp-content\/uploads\/2023\/11\/Madres-buscadoras-de-Sonora-X-1024x690.png 1024w, https:\/\/cronicadesoledad.com\/wp-content\/uploads\/2023\/11\/Madres-buscadoras-de-Sonora-X-300x202.png 300w, https:\/\/cronicadesoledad.com\/wp-content\/uploads\/2023\/11\/Madres-buscadoras-de-Sonora-X-768x517.png 768w, https:\/\/cronicadesoledad.com\/wp-content\/uploads\/2023\/11\/Madres-buscadoras-de-Sonora-X-696x469.png 696w, https:\/\/cronicadesoledad.com\/wp-content\/uploads\/2023\/11\/Madres-buscadoras-de-Sonora-X-1068x719.png 1068w, https:\/\/cronicadesoledad.com\/wp-content\/uploads\/2023\/11\/Madres-buscadoras-de-Sonora-X.png 1176w\" sizes=\"auto, (max-width: 1024px) 100vw, 1024px\" \/><\/figure>\n<\/div>","protected":false},"excerpt":{"rendered":"<p>Ceci Flores denunci\u00f3 que las madres buscadoras de Sonora fueron v\u00edctimas de amenazas mientras realizaban una jornada de b\u00fasqueda en el Cerro de la Virgen en Hermosillo.\u00a0 Cecilia Flores, l\u00edder de las madres buscadoras de Sonora, denunci\u00f3 que durante una b\u00fasqueda en el Cerro de la Virgen en Hermosillo fueron amenazadas por personas armadas. Estas [&hellip;]<\/p>\n","protected":false},"author":6,"featured_media":7110,"comment_status":"open","ping_status":"open","sticky":false,"template":"","format":"standard","meta":{"footnotes":""},"categories":[1,24,19,21],"tags":[783,288,771,784,287,782],"class_list":{"0":"post-7107","1":"post","2":"type-post","3":"status-publish","4":"format-standard","5":"has-post-thumbnail","7":"category-destacadas","8":"category-informacion-general","9":"category-seguridad","10":"category-tu-soledad","11":"tag-desaparecidos","12":"tag-internacional","13":"tag-madres-buscadoras","14":"tag-madres-buscadoras-de-sonora","15":"tag-nacional","16":"tag-sonora"},"_links":{"self":[{"href":"https:\/\/cronicadesoledad.com\/index.php\/wp-json\/wp\/v2\/posts\/7107","targetHints":{"allow":["GET"]}}],"collection":[{"href":"https:\/\/cronicadesoledad.com\/index.php\/wp-json\/wp\/v2\/posts"}],"about":[{"href":"https:\/\/cronicadesoledad.com\/index.php\/wp-json\/wp\/v2\/types\/post"}],"author":[{"embeddable":true,"href":"https:\/\/cronicadesoledad.com\/index.php\/wp-json\/wp\/v2\/users\/6"}],"replies":[{"embeddable":true,"href":"https:\/\/cronicadesoledad.com\/index.php\/wp-json\/wp\/v2\/comments?post=7107"}],"version-history":[{"count":1,"href":"https:\/\/cronicadesoledad.com\/index.php\/wp-json\/wp\/v2\/posts\/7107\/revisions"}],"predecessor-version":[{"id":7111,"href":"https:\/\/cronicadesoledad.com\/index.php\/wp-json\/wp\/v2\/posts\/7107\/revisions\/7111"}],"wp:featuredmedia":[{"embeddable":true,"href":"https:\/\/cronicadesoledad.com\/index.php\/wp-json\/wp\/v2\/media\/7110"}],"wp:attachment":[{"href":"https:\/\/cronicadesoledad.com\/index.php\/wp-json\/wp\/v2\/media?parent=7107"}],"wp:term":[{"taxonomy":"category","embeddable":true,"href":"https:\/\/cronicadesoledad.com\/index.php\/wp-json\/wp\/v2\/categories?post=7107"},{"taxonomy":"post_tag","embeddable":true,"href":"https:\/\/cronicadesoledad.com\/index.php\/wp-json\/wp\/v2\/tags?post=7107"}],"curies":[{"name":"wp","href":"https:\/\/api.w.org\/{rel}","templated":true}]}}