{"id":7128,"date":"2023-11-21T21:08:15","date_gmt":"2023-11-22T03:08:15","guid":{"rendered":"https:\/\/cronicadesoledad.com\/?p=7128"},"modified":"2023-11-21T21:08:15","modified_gmt":"2023-11-22T03:08:15","slug":"semana-verde-en-tu-colonia-reporta-avances-en-el-polvorin","status":"publish","type":"post","link":"https:\/\/cronicadesoledad.com\/index.php\/2023\/11\/21\/semana-verde-en-tu-colonia-reporta-avances-en-el-polvorin\/","title":{"rendered":"\u201cSemana verde en tu colonia\u201d reporta avances en El Polvor\u00edn"},"content":{"rendered":"\n<p>El Ayuntamiento de Soledad de Graciano S\u00e1nchez, mediante sus diferentes \u00e1reas operativas, ejecuta acciones destacadas para mejorar espacios p\u00fablicos en favor de una mejor calidad de vida para la poblaci\u00f3n, en el marco del programa &#8220;Semana Verde en tu Colonia&#8221;, impulsado por la Alcaldesa Leonor Noyola Cervantes que arranc\u00f3 hace unos d\u00edas en la colonia El Polvor\u00edn.<\/p>\n\n\n\n<p>Entre las labores realizadas en el per\u00edmetro destacan reparaci\u00f3n de luminarias, reforestaci\u00f3n, poda de \u00e1rboles, aplicaci\u00f3n de pintura, limpieza y barrido de calles, entre otras. Adem\u00e1s, se pone especial \u00e9nfasis en atender las solicitudes de la ciudadan\u00eda para atenderlas de manera inmediata, buscando resolverlas de forma eficiente.<\/p>\n\n\n\n<p>Al respecto, Gabino Manzo Castrej\u00f3n, titular de la Direcci\u00f3n de Desarrollo Urbano, inform\u00f3 que se han realizado avances significativos en esta zona habitacional, incluyendo el bacheo cubriendo al momento 38 baches mediante un proceso que implica el corte de concreto, extracci\u00f3n del material defectuoso y relleno con base hidr\u00e1ulica para garantizar una reparaci\u00f3n eficiente.<\/p>\n\n\n\n<p>En simult\u00e1neo, se lleva a cabo un programa de retiro de escombro en la colonia antes mencionada y zonas aleda\u00f1as, resultando en la eliminaci\u00f3n de dos toneladas de residuos de la v\u00eda p\u00fablica.<\/p>\n\n\n\n<p>Adicionalmente, se trabaja en la reparaci\u00f3n de un drenaje colapsado a causa del peso y dimensiones de una pipa de gas que fractur\u00f3 el sistema, por lo que en breve ser\u00e1 repuesto, adem\u00e1s de que se realizar\u00e1 la reposici\u00f3n del piso como parte de las acciones para mejorar la infraestructura en beneficio de la comunidad.<\/p>\n\n\n\n<p>El funcionario manifest\u00f3 que en coordinaci\u00f3n con otras \u00e1reas como lo es Parques y Jardines se realiz\u00f3 recientemente la rehabilitaci\u00f3n de la plaza Graciano S\u00e1nchez, en donde se efectu\u00f3 el retiro de desechos, limpieza manual, y mejora de espacios comunes.<\/p>\n\n\n\n<p>Mar\u00eda Guadalupe Valencia Ruiz, habitante del sector, agradeci\u00f3 a la autoridad municipal por mejorar la imagen de la colonia, lo cual ha favorecido para que hoy todo luzca en mejores condiciones, &#8220;me siento alegre, hoy todo se ve m\u00e1s presentable&#8221;. Mar\u00eda del Socorro Gallegos felicit\u00f3 a los funcionarios municipales que han logrado una mejora en la zona y los llamo a mantener ese ritmo de trabajo en favor de la ciudadan\u00eda.<\/p>\n\n\n\n<p>Con las acciones que se realizan en la colonia El Polvor\u00edn se refleja el compromiso de la Alcaldesa Leonor Noyola Cervantes con el rescate de espacios p\u00fablicos y en donde diferentes \u00e1reas del gobierno municipal continuar\u00e1n la coordinaci\u00f3n para llevar a cabo una serie de labores de mejora y rehabilitaci\u00f3n.<\/p>\n","protected":false},"excerpt":{"rendered":"<p>El Ayuntamiento de Soledad de Graciano S\u00e1nchez, mediante sus diferentes \u00e1reas operativas, ejecuta acciones destacadas para mejorar espacios p\u00fablicos en favor de una mejor calidad de vida para la poblaci\u00f3n, en el marco del programa &#8220;Semana Verde en tu Colonia&#8221;, impulsado por la Alcaldesa Leonor Noyola Cervantes que arranc\u00f3 hace unos d\u00edas en la colonia [&hellip;]<\/p>\n","protected":false},"author":2,"featured_media":7129,"comment_status":"open","ping_status":"open","sticky":false,"template":"","format":"standard","meta":{"footnotes":""},"categories":[30,1,24,21],"tags":[81,223,29,294,642,27],"class_list":{"0":"post-7128","1":"post","2":"type-post","3":"status-publish","4":"format-standard","5":"has-post-thumbnail","7":"category-de-la-region-centro","8":"category-destacadas","9":"category-informacion-general","10":"category-tu-soledad","11":"tag-alcaldesa-soledense","12":"tag-ayuntamiento-soledense","13":"tag-leonor-noyola","14":"tag-san-luis","15":"tag-semana-verde","16":"tag-soledad"},"_links":{"self":[{"href":"https:\/\/cronicadesoledad.com\/index.php\/wp-json\/wp\/v2\/posts\/7128","targetHints":{"allow":["GET"]}}],"collection":[{"href":"https:\/\/cronicadesoledad.com\/index.php\/wp-json\/wp\/v2\/posts"}],"about":[{"href":"https:\/\/cronicadesoledad.com\/index.php\/wp-json\/wp\/v2\/types\/post"}],"author":[{"embeddable":true,"href":"https:\/\/cronicadesoledad.com\/index.php\/wp-json\/wp\/v2\/users\/2"}],"replies":[{"embeddable":true,"href":"https:\/\/cronicadesoledad.com\/index.php\/wp-json\/wp\/v2\/comments?post=7128"}],"version-history":[{"count":1,"href":"https:\/\/cronicadesoledad.com\/index.php\/wp-json\/wp\/v2\/posts\/7128\/revisions"}],"predecessor-version":[{"id":7130,"href":"https:\/\/cronicadesoledad.com\/index.php\/wp-json\/wp\/v2\/posts\/7128\/revisions\/7130"}],"wp:featuredmedia":[{"embeddable":true,"href":"https:\/\/cronicadesoledad.com\/index.php\/wp-json\/wp\/v2\/media\/7129"}],"wp:attachment":[{"href":"https:\/\/cronicadesoledad.com\/index.php\/wp-json\/wp\/v2\/media?parent=7128"}],"wp:term":[{"taxonomy":"category","embeddable":true,"href":"https:\/\/cronicadesoledad.com\/index.php\/wp-json\/wp\/v2\/categories?post=7128"},{"taxonomy":"post_tag","embeddable":true,"href":"https:\/\/cronicadesoledad.com\/index.php\/wp-json\/wp\/v2\/tags?post=7128"}],"curies":[{"name":"wp","href":"https:\/\/api.w.org\/{rel}","templated":true}]}}