{"id":7151,"date":"2023-11-22T20:00:13","date_gmt":"2023-11-23T02:00:13","guid":{"rendered":"https:\/\/cronicadesoledad.com\/?p=7151"},"modified":"2023-11-22T20:00:13","modified_gmt":"2023-11-23T02:00:13","slug":"hallaron-tres-cadaveres-en-el-camino-a-san-pedro","status":"publish","type":"post","link":"https:\/\/cronicadesoledad.com\/index.php\/2023\/11\/22\/hallaron-tres-cadaveres-en-el-camino-a-san-pedro\/","title":{"rendered":"Hallaron tres cad\u00e1veres en el camino a San Pedro"},"content":{"rendered":"\n<p>Fueron encontrados tres cad\u00e1veres; de dos mujeres y un hombre, aproximadamente de 35 a\u00f1os, fueron descubiertos en una v\u00eda terracer\u00eda y sobre un canal\u00f3n de aguas negras, a escasa distancia de donde horas antes se encontr\u00f3 el cad\u00e1ver de un hombre, presuntamente un taxista, ya que cerca de la escena se localiz\u00f3 un veh\u00edculo de alquiler.<\/p>\n\n\n\n<p>La unidad, es un taxi, con n\u00famero econ\u00f3mico 0908, un Nissan de la l\u00ednea Sentra en tono banco con detalles verdes, agreg\u00f3 un elemento m\u00e1s a la escalofriante escena. Las autoridades presumen que el veh\u00edculo y los tres fallecidos guardan relaci\u00f3n directa en este criminal suceso.<\/p>\n\n\n\n<p>Inmediatamente despu\u00e9s de la notificaci\u00f3n del descubrimiento, al lugar de los hechos se desplazaron autoridades del municipio de Cerro de San Pedro, polic\u00edas de la Guardia Civil Estatal y personal de la Fiscal\u00eda General del Estado.<\/p>\n\n\n\n<p>Peritos llevaron a cabo los primeros trabajos de campo para iniciar la correspondiente carpeta de investigaci\u00f3n y esclarecer los detalles de este crimen que ha conmocionado a la comunidad.<\/p>\n\n\n\n<p>La identidad de las v\u00edctimas a\u00fan no ha sido confirmada, y las circunstancias que rodean este tr\u00e1gico suceso permanecen bajo investigaci\u00f3n. La presencia de los cuerpos en una zona apartada y la conexi\u00f3n con el veh\u00edculo de alquiler sugieren un posible acto criminal premeditado.<\/p>\n\n\n\n<p>Las autoridades se han concretado a se\u00f1alar, como en todos los dem\u00e1s eventos criminales relacionados con ejecuciones, que ya abrieron carpeta de investigaci\u00f3n para el esclarecimiento de los hechos y detener a los responsables para ponerlos a disposici\u00f3n de las autoridades correspondientes.<\/p>\n","protected":false},"excerpt":{"rendered":"<p>Fueron encontrados tres cad\u00e1veres; de dos mujeres y un hombre, aproximadamente de 35 a\u00f1os, fueron descubiertos en una v\u00eda terracer\u00eda y sobre un canal\u00f3n de aguas negras, a escasa distancia de donde horas antes se encontr\u00f3 el cad\u00e1ver de un hombre, presuntamente un taxista, ya que cerca de la escena se localiz\u00f3 un veh\u00edculo de [&hellip;]<\/p>\n","protected":false},"author":2,"featured_media":7152,"comment_status":"open","ping_status":"open","sticky":false,"template":"","format":"standard","meta":{"footnotes":""},"categories":[30,1,24,19,21],"tags":[369,473,368,367,294,27],"class_list":{"0":"post-7151","1":"post","2":"type-post","3":"status-publish","4":"format-standard","5":"has-post-thumbnail","7":"category-de-la-region-centro","8":"category-destacadas","9":"category-informacion-general","10":"category-seguridad","11":"category-tu-soledad","12":"tag-asesinato","13":"tag-fgeslp","14":"tag-inseguridad","15":"tag-policia","16":"tag-san-luis","17":"tag-soledad"},"_links":{"self":[{"href":"https:\/\/cronicadesoledad.com\/index.php\/wp-json\/wp\/v2\/posts\/7151","targetHints":{"allow":["GET"]}}],"collection":[{"href":"https:\/\/cronicadesoledad.com\/index.php\/wp-json\/wp\/v2\/posts"}],"about":[{"href":"https:\/\/cronicadesoledad.com\/index.php\/wp-json\/wp\/v2\/types\/post"}],"author":[{"embeddable":true,"href":"https:\/\/cronicadesoledad.com\/index.php\/wp-json\/wp\/v2\/users\/2"}],"replies":[{"embeddable":true,"href":"https:\/\/cronicadesoledad.com\/index.php\/wp-json\/wp\/v2\/comments?post=7151"}],"version-history":[{"count":1,"href":"https:\/\/cronicadesoledad.com\/index.php\/wp-json\/wp\/v2\/posts\/7151\/revisions"}],"predecessor-version":[{"id":7153,"href":"https:\/\/cronicadesoledad.com\/index.php\/wp-json\/wp\/v2\/posts\/7151\/revisions\/7153"}],"wp:featuredmedia":[{"embeddable":true,"href":"https:\/\/cronicadesoledad.com\/index.php\/wp-json\/wp\/v2\/media\/7152"}],"wp:attachment":[{"href":"https:\/\/cronicadesoledad.com\/index.php\/wp-json\/wp\/v2\/media?parent=7151"}],"wp:term":[{"taxonomy":"category","embeddable":true,"href":"https:\/\/cronicadesoledad.com\/index.php\/wp-json\/wp\/v2\/categories?post=7151"},{"taxonomy":"post_tag","embeddable":true,"href":"https:\/\/cronicadesoledad.com\/index.php\/wp-json\/wp\/v2\/tags?post=7151"}],"curies":[{"name":"wp","href":"https:\/\/api.w.org\/{rel}","templated":true}]}}