{"id":7185,"date":"2023-11-23T21:00:00","date_gmt":"2023-11-24T03:00:00","guid":{"rendered":"https:\/\/cronicadesoledad.com\/?p=7185"},"modified":"2023-11-24T00:06:19","modified_gmt":"2023-11-24T06:06:19","slug":"ante-bajas-temperaturas-brindan-apoyo-a-personas-vulnerables","status":"publish","type":"post","link":"https:\/\/cronicadesoledad.com\/index.php\/2023\/11\/23\/ante-bajas-temperaturas-brindan-apoyo-a-personas-vulnerables\/","title":{"rendered":"Ante bajas temperaturas, brindan apoyo a personas vulnerables"},"content":{"rendered":"\n<p>Con el objetivo de proteger a poblaci\u00f3n vulnerable ante las bajas temperaturas que se registran actualmente en la zona metropolitana, la Coordinaci\u00f3n Municipal de Protecci\u00f3n Civil de Soledad de Graciano S\u00e1nchez refuerza sus operativos para identificar a personas en situaci\u00f3n de calle que requieren apoyo para refugiarse, alimentos o cuidados para su salud.<\/p>\n\n\n\n<p>Mart\u00edn Bravo Galicia, coordinador del \u00e1rea, explic\u00f3 que debido a la baja del term\u00f3metro hasta cinco grados cent\u00edgrados que se registr\u00f3 desde ayer en el municipio, oblig\u00f3 al fortalecimiento de los recorridos en las avenidas y calles principales, a trav\u00e9s de un dispositivo que inici\u00f3 a las seis de la tarde y culmin\u00f3 a las dos de la ma\u00f1ana, los d\u00edas de antier y ayer.<\/p>\n\n\n\n<p>A trav\u00e9s de estas acciones se logr\u00f3 identificar a tres personas que pernoctaban en la v\u00eda p\u00fablica, el pasado martes, mismas que rechazaron ser trasladadas a un refugio; entre ellos, destaca el caso de un joven de origen hondure\u00f1o que, tras solicitar abrigo y alimentos, opt\u00f3 por continuar su camino de manera independiente. Este mi\u00e9rcoles, se brind\u00f3 auxilio a otras tres personas que de la misma manera pidieron ropa abrigadora<\/p>\n\n\n\n<p>Indic\u00f3 que actualmente se trabaja en coordinaci\u00f3n con otras instituciones como lo son asilos y Centros de Rehabilitaci\u00f3n a fin de canalizar a personas detectadas en situaci\u00f3n de calle que requieran de un apoyo especial, &#8220;tenemos convenio con la Aldea de los Abuelos para canalizar a personas mayores que est\u00e9n p\u00e9rdidas o requieran de un servicio especial, tambi\u00e9n tenemos convenio con Centro ubicado para personas con problemas de alcoholismo o drogadicci\u00f3n\u201d, declar\u00f3 el funcionario.<\/p>\n\n\n\n<p>Galicia se\u00f1al\u00f3 que durante el dispositivo se inspeccionan avenidas principales, espacios debajo de puentes vehiculares, negocios de conveniencia y estacionamientos de centros comerciales, en bulevar Valle de los Fantasmas, carretera a Matehuala, Pav\u00f3n y Circuito Potos\u00ed, donde com\u00fanmente se detecta la presencia de personas vulnerables.<\/p>\n\n\n\n<p>Debido al pron\u00f3stico continuo de bajas temperaturas, estos operativos se mantendr\u00e1n en los pr\u00f3ximos d\u00edas reafirmando el compromiso de Protecci\u00f3n Civil con la seguridad y bienestar de la comunidad, por ello, se hace un llamado a la ciudadan\u00eda para que reporte la presencia de personas en condici\u00f3n de vulnerabilidad a la dependencia municipal al tel\u00e9fono 444 831 1260 la cual estar\u00e1 atenta los reportes las 24 horas del d\u00eda.<\/p>\n","protected":false},"excerpt":{"rendered":"<p>Con el objetivo de proteger a poblaci\u00f3n vulnerable ante las bajas temperaturas que se registran actualmente en la zona metropolitana, la Coordinaci\u00f3n Municipal de Protecci\u00f3n Civil de Soledad de Graciano S\u00e1nchez refuerza sus operativos para identificar a personas en situaci\u00f3n de calle que requieren apoyo para refugiarse, alimentos o cuidados para su salud. Mart\u00edn Bravo [&hellip;]<\/p>\n","protected":false},"author":2,"featured_media":7186,"comment_status":"open","ping_status":"open","sticky":false,"template":"","format":"standard","meta":{"footnotes":""},"categories":[30,1,24,21],"tags":[446,223,825,404,525,294,27],"class_list":{"0":"post-7185","1":"post","2":"type-post","3":"status-publish","4":"format-standard","5":"has-post-thumbnail","7":"category-de-la-region-centro","8":"category-destacadas","9":"category-informacion-general","10":"category-tu-soledad","11":"tag-apoyo","12":"tag-ayuntamiento-soledense","13":"tag-bajas-temperaturas","14":"tag-personas-vulnerables","15":"tag-proteccion-civil","16":"tag-san-luis","17":"tag-soledad"},"_links":{"self":[{"href":"https:\/\/cronicadesoledad.com\/index.php\/wp-json\/wp\/v2\/posts\/7185","targetHints":{"allow":["GET"]}}],"collection":[{"href":"https:\/\/cronicadesoledad.com\/index.php\/wp-json\/wp\/v2\/posts"}],"about":[{"href":"https:\/\/cronicadesoledad.com\/index.php\/wp-json\/wp\/v2\/types\/post"}],"author":[{"embeddable":true,"href":"https:\/\/cronicadesoledad.com\/index.php\/wp-json\/wp\/v2\/users\/2"}],"replies":[{"embeddable":true,"href":"https:\/\/cronicadesoledad.com\/index.php\/wp-json\/wp\/v2\/comments?post=7185"}],"version-history":[{"count":1,"href":"https:\/\/cronicadesoledad.com\/index.php\/wp-json\/wp\/v2\/posts\/7185\/revisions"}],"predecessor-version":[{"id":7187,"href":"https:\/\/cronicadesoledad.com\/index.php\/wp-json\/wp\/v2\/posts\/7185\/revisions\/7187"}],"wp:featuredmedia":[{"embeddable":true,"href":"https:\/\/cronicadesoledad.com\/index.php\/wp-json\/wp\/v2\/media\/7186"}],"wp:attachment":[{"href":"https:\/\/cronicadesoledad.com\/index.php\/wp-json\/wp\/v2\/media?parent=7185"}],"wp:term":[{"taxonomy":"category","embeddable":true,"href":"https:\/\/cronicadesoledad.com\/index.php\/wp-json\/wp\/v2\/categories?post=7185"},{"taxonomy":"post_tag","embeddable":true,"href":"https:\/\/cronicadesoledad.com\/index.php\/wp-json\/wp\/v2\/tags?post=7185"}],"curies":[{"name":"wp","href":"https:\/\/api.w.org\/{rel}","templated":true}]}}