{"id":7227,"date":"2023-11-24T21:30:00","date_gmt":"2023-11-25T03:30:00","guid":{"rendered":"https:\/\/cronicadesoledad.com\/?p=7227"},"modified":"2023-11-24T19:11:14","modified_gmt":"2023-11-25T01:11:14","slug":"programa-desde-adentro-ha-beneficiado-a-casi-300-jovenes-soledenses","status":"publish","type":"post","link":"https:\/\/cronicadesoledad.com\/index.php\/2023\/11\/24\/programa-desde-adentro-ha-beneficiado-a-casi-300-jovenes-soledenses\/","title":{"rendered":"Programa &#8220;Desde Adentro&#8221; ha beneficiado a casi 300 j\u00f3venes soledenses"},"content":{"rendered":"\n<p>M\u00e1s de 285 j\u00f3venes soledenses se han beneficiado del programa de visitas al Centro Penitenciario Estatal en la Capital &#8220;Desde Adentro&#8221;, puesto en marcha por el Instituto Municipal de la Juventud de Soledad de Graciano S\u00e1nchez, desde el mes de mayo y a trav\u00e9s del cual se busca lograr un cambio de conciencia en la juventud e impulsar la cultura de paz.<\/p>\n\n\n\n<p>Gerardo Sosa de Torres, titular del \u00e1rea, indic\u00f3 que al d\u00eda de hoy se han realizado m\u00e1s de siete visitas al Centro de Reinserci\u00f3n Social, y se\u00f1al\u00f3 que la selecci\u00f3n de las y los participantes se realiza en colaboraci\u00f3n de directores escolares, quienes identifican a alumnos y alumnas propensas a comportamientos problem\u00e1ticos o consumo de drogas.<\/p>\n\n\n\n<p>Destac\u00f3 que las charlas son impartidas por personas internas del Penal, previamente validadas por psic\u00f3logos y psiquiatras que comparten sus experiencias de vida para impactar positivamente en la vida de las y los asistentes, lo cual ha contribuido positivamente a fortalecer la cultura de paz y prevenci\u00f3n del delito. &#8220;Ese tipo de programas se han aplicado ya en Estados Unidos y nosotros estamos adaptando esta iniciativa a nuestro municipio para beneficio de las y los soledenses, estas pl\u00e1ticas duran cerca de dos horas&#8221;, a\u00f1adi\u00f3.<\/p>\n\n\n\n<p>Asegur\u00f3 que al momento las y los participantes han mostrado una excelente aceptaci\u00f3n, ya que han alcanzado reflexiones profundas que los impulsan a valorar la vida y establecer objetivos m\u00e1s saludables y satisfactorios, &#8220;las y los j\u00f3venes han destacado la influencia positiva del programa el cual los ha impulsado a valorar la vida y establecer objetivos m\u00e1s saludables y gratificantes&#8221;.<\/p>\n\n\n\n<p>Para ser parte de esta iniciativa, se invita a la poblaci\u00f3n a solicitar su inscripci\u00f3n a trav\u00e9s de las redes sociales de la dependencia, que en Facebook podr\u00e1 ser encontrada como \u201cInstituto de la Juventud Soledad de Graciano S\u00e1nchez&#8221;.<\/p>\n","protected":false},"excerpt":{"rendered":"<p>M\u00e1s de 285 j\u00f3venes soledenses se han beneficiado del programa de visitas al Centro Penitenciario Estatal en la Capital &#8220;Desde Adentro&#8221;, puesto en marcha por el Instituto Municipal de la Juventud de Soledad de Graciano S\u00e1nchez, desde el mes de mayo y a trav\u00e9s del cual se busca lograr un cambio de conciencia en la [&hellip;]<\/p>\n","protected":false},"author":2,"featured_media":7228,"comment_status":"open","ping_status":"open","sticky":false,"template":"","format":"standard","meta":{"footnotes":""},"categories":[30,1,24,21],"tags":[223,854,855,294,27],"class_list":{"0":"post-7227","1":"post","2":"type-post","3":"status-publish","4":"format-standard","5":"has-post-thumbnail","7":"category-de-la-region-centro","8":"category-destacadas","9":"category-informacion-general","10":"category-tu-soledad","11":"tag-ayuntamiento-soledense","12":"tag-desde-adentro","13":"tag-jovenes","14":"tag-san-luis","15":"tag-soledad"},"_links":{"self":[{"href":"https:\/\/cronicadesoledad.com\/index.php\/wp-json\/wp\/v2\/posts\/7227","targetHints":{"allow":["GET"]}}],"collection":[{"href":"https:\/\/cronicadesoledad.com\/index.php\/wp-json\/wp\/v2\/posts"}],"about":[{"href":"https:\/\/cronicadesoledad.com\/index.php\/wp-json\/wp\/v2\/types\/post"}],"author":[{"embeddable":true,"href":"https:\/\/cronicadesoledad.com\/index.php\/wp-json\/wp\/v2\/users\/2"}],"replies":[{"embeddable":true,"href":"https:\/\/cronicadesoledad.com\/index.php\/wp-json\/wp\/v2\/comments?post=7227"}],"version-history":[{"count":1,"href":"https:\/\/cronicadesoledad.com\/index.php\/wp-json\/wp\/v2\/posts\/7227\/revisions"}],"predecessor-version":[{"id":7229,"href":"https:\/\/cronicadesoledad.com\/index.php\/wp-json\/wp\/v2\/posts\/7227\/revisions\/7229"}],"wp:featuredmedia":[{"embeddable":true,"href":"https:\/\/cronicadesoledad.com\/index.php\/wp-json\/wp\/v2\/media\/7228"}],"wp:attachment":[{"href":"https:\/\/cronicadesoledad.com\/index.php\/wp-json\/wp\/v2\/media?parent=7227"}],"wp:term":[{"taxonomy":"category","embeddable":true,"href":"https:\/\/cronicadesoledad.com\/index.php\/wp-json\/wp\/v2\/categories?post=7227"},{"taxonomy":"post_tag","embeddable":true,"href":"https:\/\/cronicadesoledad.com\/index.php\/wp-json\/wp\/v2\/tags?post=7227"}],"curies":[{"name":"wp","href":"https:\/\/api.w.org\/{rel}","templated":true}]}}