{"id":7281,"date":"2023-11-28T12:28:56","date_gmt":"2023-11-28T18:28:56","guid":{"rendered":"https:\/\/cronicadesoledad.com\/?p=7281"},"modified":"2023-11-28T12:28:56","modified_gmt":"2023-11-28T18:28:56","slug":"tension-entre-grecia-y-reino-unido-por-frisos-del-partenon","status":"publish","type":"post","link":"https:\/\/cronicadesoledad.com\/index.php\/2023\/11\/28\/tension-entre-grecia-y-reino-unido-por-frisos-del-partenon\/","title":{"rendered":"Tensi\u00f3n entre Grecia y Reino Unido por frisos del Parten\u00f3n.\u00a0"},"content":{"rendered":"\n<h2 class=\"wp-block-heading\">La tensi\u00f3n ha crecido, Grecia sigue pidiendo que sean devueltas las esculturas de m\u00e1rmol que alg\u00fan d\u00eda decoraron la fachada del antiguo templo ateniense que est\u00e1n expuestas en el Museo Brit\u00e1nico.\u00a0<\/h2>\n\n\n\n<p>El primer ministro brit\u00e1nico, Rishi Sunak, ha aumentado al tensi\u00f3n de esta situaci\u00f3n tras cancelar una reuni\u00f3n con su hom\u00f3logo griego, Kyriakos Mitsotakis. Los brit\u00e1nicos cancelaron la reuni\u00f3n tras no tener certeza de que el primer ministro griego no hablar\u00eda de forma p\u00fablica sobre le tema de los frisos en su visita a Londres.&nbsp;<\/p>\n\n\n\n<figure class=\"wp-block-image size-full\"><img loading=\"lazy\" decoding=\"async\" width=\"980\" height=\"550\" src=\"https:\/\/cronicadesoledad.com\/wp-content\/uploads\/2023\/11\/FRISOS-PARTENON-POLEMICA.jpeg\" alt=\"\" class=\"wp-image-7282\" srcset=\"https:\/\/cronicadesoledad.com\/wp-content\/uploads\/2023\/11\/FRISOS-PARTENON-POLEMICA.jpeg 980w, https:\/\/cronicadesoledad.com\/wp-content\/uploads\/2023\/11\/FRISOS-PARTENON-POLEMICA-300x168.jpeg 300w, https:\/\/cronicadesoledad.com\/wp-content\/uploads\/2023\/11\/FRISOS-PARTENON-POLEMICA-768x431.jpeg 768w, https:\/\/cronicadesoledad.com\/wp-content\/uploads\/2023\/11\/FRISOS-PARTENON-POLEMICA-696x391.jpeg 696w\" sizes=\"auto, (max-width: 980px) 100vw, 980px\" \/><\/figure>\n\n\n\n<p>Desde 1963 existe un acta que proh\u00edbe el retiro de piezas de la colecci\u00f3n del Museo Brit\u00e1nico, sin embargo, los ingleses han considerado modificar esta ley y hacer prestamos de piezas. Por otro lado, Atenas lleva ya un tiempo sin bajar el rengl\u00f3n de la l\u00ednea de regresar de forma permanente su patrimonio permanente nacional.&nbsp;<\/p>\n\n\n\n<p>Kyriakos Mitsotakis, declar\u00f3 para la BCC que la actual situaci\u00f3n de los frisos \u201ces como partir a la Mona Lisa en dos\u201d. Y asegur\u00f3 que que las reuniones previas con Rishi Sunak a esta declaraci\u00f3n se hab\u00edan desarrollado sin problema alguno hasta el lunes en la tarde.&nbsp;<\/p>\n\n\n\n<p>La opini\u00f3n p\u00fablica est\u00e1 a favor que regresen los frisos a casa, pero al parecer los intereses pol\u00edticos est\u00e1n por encima de la historia y la cultura. Est\u00e1 pol\u00e9mica ha revivido los memes sobre el Museo Brit\u00e1nico.&nbsp;<\/p>\n\n\n\n<figure class=\"wp-block-image size-large\"><img loading=\"lazy\" decoding=\"async\" width=\"1024\" height=\"695\" src=\"https:\/\/cronicadesoledad.com\/wp-content\/uploads\/2023\/11\/96076435_256127579079844_6379484764935553024_n-1024x695.jpg\" alt=\"\" class=\"wp-image-7283\" srcset=\"https:\/\/cronicadesoledad.com\/wp-content\/uploads\/2023\/11\/96076435_256127579079844_6379484764935553024_n-1024x695.jpg 1024w, https:\/\/cronicadesoledad.com\/wp-content\/uploads\/2023\/11\/96076435_256127579079844_6379484764935553024_n-300x204.jpg 300w, https:\/\/cronicadesoledad.com\/wp-content\/uploads\/2023\/11\/96076435_256127579079844_6379484764935553024_n-768x521.jpg 768w, https:\/\/cronicadesoledad.com\/wp-content\/uploads\/2023\/11\/96076435_256127579079844_6379484764935553024_n-696x472.jpg 696w, https:\/\/cronicadesoledad.com\/wp-content\/uploads\/2023\/11\/96076435_256127579079844_6379484764935553024_n-1068x725.jpg 1068w, https:\/\/cronicadesoledad.com\/wp-content\/uploads\/2023\/11\/96076435_256127579079844_6379484764935553024_n.jpg 1440w\" sizes=\"auto, (max-width: 1024px) 100vw, 1024px\" \/><\/figure>\n","protected":false},"excerpt":{"rendered":"<p>La tensi\u00f3n ha crecido, Grecia sigue pidiendo que sean devueltas las esculturas de m\u00e1rmol que alg\u00fan d\u00eda decoraron la fachada del antiguo templo ateniense que est\u00e1n expuestas en el Museo Brit\u00e1nico.\u00a0 El primer ministro brit\u00e1nico, Rishi Sunak, ha aumentado al tensi\u00f3n de esta situaci\u00f3n tras cancelar una reuni\u00f3n con su hom\u00f3logo griego, Kyriakos Mitsotakis. Los [&hellip;]<\/p>\n","protected":false},"author":6,"featured_media":7284,"comment_status":"open","ping_status":"open","sticky":false,"template":"","format":"standard","meta":{"footnotes":""},"categories":[1,24],"tags":[884,334,886,288,887,658],"class_list":{"0":"post-7281","1":"post","2":"type-post","3":"status-publish","4":"format-standard","5":"has-post-thumbnail","7":"category-destacadas","8":"category-informacion-general","9":"tag-british-museum","10":"tag-cultura","11":"tag-frisos-del-partenon","12":"tag-internacional","13":"tag-partenon","14":"tag-reino-unido"},"_links":{"self":[{"href":"https:\/\/cronicadesoledad.com\/index.php\/wp-json\/wp\/v2\/posts\/7281","targetHints":{"allow":["GET"]}}],"collection":[{"href":"https:\/\/cronicadesoledad.com\/index.php\/wp-json\/wp\/v2\/posts"}],"about":[{"href":"https:\/\/cronicadesoledad.com\/index.php\/wp-json\/wp\/v2\/types\/post"}],"author":[{"embeddable":true,"href":"https:\/\/cronicadesoledad.com\/index.php\/wp-json\/wp\/v2\/users\/6"}],"replies":[{"embeddable":true,"href":"https:\/\/cronicadesoledad.com\/index.php\/wp-json\/wp\/v2\/comments?post=7281"}],"version-history":[{"count":1,"href":"https:\/\/cronicadesoledad.com\/index.php\/wp-json\/wp\/v2\/posts\/7281\/revisions"}],"predecessor-version":[{"id":7285,"href":"https:\/\/cronicadesoledad.com\/index.php\/wp-json\/wp\/v2\/posts\/7281\/revisions\/7285"}],"wp:featuredmedia":[{"embeddable":true,"href":"https:\/\/cronicadesoledad.com\/index.php\/wp-json\/wp\/v2\/media\/7284"}],"wp:attachment":[{"href":"https:\/\/cronicadesoledad.com\/index.php\/wp-json\/wp\/v2\/media?parent=7281"}],"wp:term":[{"taxonomy":"category","embeddable":true,"href":"https:\/\/cronicadesoledad.com\/index.php\/wp-json\/wp\/v2\/categories?post=7281"},{"taxonomy":"post_tag","embeddable":true,"href":"https:\/\/cronicadesoledad.com\/index.php\/wp-json\/wp\/v2\/tags?post=7281"}],"curies":[{"name":"wp","href":"https:\/\/api.w.org\/{rel}","templated":true}]}}