{"id":7286,"date":"2023-11-28T12:48:19","date_gmt":"2023-11-28T18:48:19","guid":{"rendered":"https:\/\/cronicadesoledad.com\/?p=7286"},"modified":"2023-11-28T12:48:20","modified_gmt":"2023-11-28T18:48:20","slug":"bienpesca-el-apoyo-a-los-pescadores-de-acapulco","status":"publish","type":"post","link":"https:\/\/cronicadesoledad.com\/index.php\/2023\/11\/28\/bienpesca-el-apoyo-a-los-pescadores-de-acapulco\/","title":{"rendered":"Bienpesca, el \u201capoyo\u201d a los pescadores de Acapulco"},"content":{"rendered":"\n<h2 class=\"wp-block-heading\">Los apoyos planteados son insuficientes para enfrentar a las p\u00e9rdidas del sector pesquero seg\u00fan especialista<\/h2>\n\n\n\n<p>Para reactivar y apoyar a la industria pesquera en Acapulco, el Gobierno Federal anunci\u00f3 el apoyo de Bienpesca, el cual consta de 7mil pesos anuales, Alfonso Medell\u00edn Ortiz, consultor independiente especializado en pesquer\u00edas y resiliencia dej\u00f3 en claro para Animal Pol\u00edtico que este apoyo es insuficiente para hacer frente a las p\u00e9rdidas que dej\u00f3 Otis.&nbsp;<\/p>\n\n\n\n<p>\u201cPensar que esto (el Bienpesca) va a suplir sus necesidades y que va a ayudarlos a cubrir sus necesidades, pues definitivamente no. Un alivio moment\u00e1neo pudiera ser, pero tampoco lo es, porque el sector lo que quiere es regresar a trabajar\u201d mencion\u00f3 Alfonso Medell\u00edn.&nbsp;<\/p>\n\n\n\n<p>El apoyo ser\u00e1 entregado ante so justo antes de la temporada de veda de la especie de mayor importancia para evitar la pesca ilegal. Sin embargo, a experiencia de Alfonso, \u201cel Bienpesca es un programa que en realidad no est\u00e1 pensado para nada m\u00e1s que para dar dinero\u201d, no tiene el objetivo de atender las necesidades econ\u00f3micas de este sector durante toda la veda.&nbsp;<\/p>\n\n\n\n<p>La situaci\u00f3n de Bienpesca es otra evidencia adem\u00e1s de Otis de que Guerrero o el Gobierno Federal no estaban listos para recibir un hurac\u00e1n de est\u00e1 categor\u00eda por el nivel de respuesta y afectaci\u00f3n que gener\u00f3. Pero queda de lecci\u00f3n para tener una mejor preparaci\u00f3n ante estos fen\u00f3menos meteorol\u00f3gicos.&nbsp;<\/p>\n\n\n\n<p>Con informaci\u00f3n de Animal Pol\u00edtico y Causa Natura Media.\u00a0<\/p>\n\n\n\n<p><\/p>\n","protected":false},"excerpt":{"rendered":"<p>Los apoyos planteados son insuficientes para enfrentar a las p\u00e9rdidas del sector pesquero seg\u00fan especialista Para reactivar y apoyar a la industria pesquera en Acapulco, el Gobierno Federal anunci\u00f3 el apoyo de Bienpesca, el cual consta de 7mil pesos anuales, Alfonso Medell\u00edn Ortiz, consultor independiente especializado en pesquer\u00edas y resiliencia dej\u00f3 en claro para Animal [&hellip;]<\/p>\n","protected":false},"author":6,"featured_media":7287,"comment_status":"open","ping_status":"open","sticky":false,"template":"","format":"standard","meta":{"footnotes":""},"categories":[1,24,21],"tags":[249,754,539,288,888],"class_list":{"0":"post-7286","1":"post","2":"type-post","3":"status-publish","4":"format-standard","5":"has-post-thumbnail","7":"category-destacadas","8":"category-informacion-general","9":"category-tu-soledad","10":"tag-acapulco","11":"tag-acapulco-otis","12":"tag-huracan-en-acapulco","13":"tag-internacional","14":"tag-pesca"},"_links":{"self":[{"href":"https:\/\/cronicadesoledad.com\/index.php\/wp-json\/wp\/v2\/posts\/7286","targetHints":{"allow":["GET"]}}],"collection":[{"href":"https:\/\/cronicadesoledad.com\/index.php\/wp-json\/wp\/v2\/posts"}],"about":[{"href":"https:\/\/cronicadesoledad.com\/index.php\/wp-json\/wp\/v2\/types\/post"}],"author":[{"embeddable":true,"href":"https:\/\/cronicadesoledad.com\/index.php\/wp-json\/wp\/v2\/users\/6"}],"replies":[{"embeddable":true,"href":"https:\/\/cronicadesoledad.com\/index.php\/wp-json\/wp\/v2\/comments?post=7286"}],"version-history":[{"count":1,"href":"https:\/\/cronicadesoledad.com\/index.php\/wp-json\/wp\/v2\/posts\/7286\/revisions"}],"predecessor-version":[{"id":7288,"href":"https:\/\/cronicadesoledad.com\/index.php\/wp-json\/wp\/v2\/posts\/7286\/revisions\/7288"}],"wp:featuredmedia":[{"embeddable":true,"href":"https:\/\/cronicadesoledad.com\/index.php\/wp-json\/wp\/v2\/media\/7287"}],"wp:attachment":[{"href":"https:\/\/cronicadesoledad.com\/index.php\/wp-json\/wp\/v2\/media?parent=7286"}],"wp:term":[{"taxonomy":"category","embeddable":true,"href":"https:\/\/cronicadesoledad.com\/index.php\/wp-json\/wp\/v2\/categories?post=7286"},{"taxonomy":"post_tag","embeddable":true,"href":"https:\/\/cronicadesoledad.com\/index.php\/wp-json\/wp\/v2\/tags?post=7286"}],"curies":[{"name":"wp","href":"https:\/\/api.w.org\/{rel}","templated":true}]}}