{"id":7341,"date":"2023-11-30T11:30:12","date_gmt":"2023-11-30T17:30:12","guid":{"rendered":"https:\/\/cronicadesoledad.com\/?p=7341"},"modified":"2023-11-30T11:30:13","modified_gmt":"2023-11-30T17:30:13","slug":"ruth-gonzalez-deja-el-dif","status":"publish","type":"post","link":"https:\/\/cronicadesoledad.com\/index.php\/2023\/11\/30\/ruth-gonzalez-deja-el-dif\/","title":{"rendered":"\u00bfRuth Gonz\u00e1lez deja el DIF?"},"content":{"rendered":"\n<h2 class=\"wp-block-heading\">La presidenta honoraria del DIF Estatal busca candidatura al Senado, por lo que podr\u00eda seprarse de su cargo desde la primera quincena de diciembre. <\/h2>\n\n\n\n<p>La presidenta honoraria del Sistema Estatal para el Desarrollo Integral de la Familia (DIF), Ruth Gonz\u00e1lez Silva, se estar\u00eda separando de sus funciones en los pr\u00f3ximos d\u00edas con la intenci\u00f3n de concentrarse en los trabajos que implican sus aspiraciones pol\u00edticas, ello, luego de que se registrara como precandidata al Senado de la Rep\u00fablica por la coalici\u00f3n Sigamos Haciendo Historia, conformada por Morena, el Partido Verde y el Partido del Trabajo.<\/p>\n\n\n\n<p>De acuerdo con informaci\u00f3n que se ha dado a conocer en los \u00faltimos d\u00edas, la tambi\u00e9n esposa del gobernador Ricardo Gallardo, ya se encuentra preparando su salida a fin de que pueda dejar la instituci\u00f3n en orden y que pueda continuar con los programas que tanto han caracterizado al Gobierno del Estado.<\/p>\n\n\n\n<p>\u201cSer\u00e1 en diciembre cuando me separe del cargo honor\u00edfico que tengo dentro del Sistema Estatal para el Desarrollo Integral de la Familia para buscar la candidatura al Senado de la Rep\u00fablica\u201d revel\u00f3 la propia Ruth Gonz\u00e1lez al confirmar p\u00fablicamente sus intenciones de buscar un cargo de elecci\u00f3n popular en la contienda de 2024.<\/p>\n\n\n\n<p>Cabe recordar que, hace algunas semanas, fue el mismo gobernador del Estado, Ricardo Gallardo, quien la destap\u00f3 como posible candidata. Posteriormente, se supo que hab\u00eda solicitado su registro como precandidata al Senado de la Rep\u00fablica en f\u00f3rmula con el secretario de Desarrollo Social y Regional del Gobierno del Estado, Juan Ignacio Segura Morquecho, sin embargo, de \u00e9l no se sabe si se habr\u00e1 de separar de su encomienda.<\/p>\n\n\n\n<p>Con informaci\u00f3n de C\u00f3digo San Luis. <\/p>\n","protected":false},"excerpt":{"rendered":"<p>La presidenta honoraria del DIF Estatal busca candidatura al Senado, por lo que podr\u00eda seprarse de su cargo desde la primera quincena de diciembre. La presidenta honoraria del Sistema Estatal para el Desarrollo Integral de la Familia (DIF), Ruth Gonz\u00e1lez Silva, se estar\u00eda separando de sus funciones en los pr\u00f3ximos d\u00edas con la intenci\u00f3n de [&hellip;]<\/p>\n","protected":false},"author":6,"featured_media":7342,"comment_status":"open","ping_status":"open","sticky":false,"template":"","format":"standard","meta":{"footnotes":""},"categories":[1,24,21],"tags":[923,383,388,294,922],"class_list":{"0":"post-7341","1":"post","2":"type-post","3":"status-publish","4":"format-standard","5":"has-post-thumbnail","7":"category-destacadas","8":"category-informacion-general","9":"category-tu-soledad","10":"tag-candidatura-senado","11":"tag-dif-estatal","12":"tag-ruth-gonzalez-silva","13":"tag-san-luis","14":"tag-senado"},"_links":{"self":[{"href":"https:\/\/cronicadesoledad.com\/index.php\/wp-json\/wp\/v2\/posts\/7341","targetHints":{"allow":["GET"]}}],"collection":[{"href":"https:\/\/cronicadesoledad.com\/index.php\/wp-json\/wp\/v2\/posts"}],"about":[{"href":"https:\/\/cronicadesoledad.com\/index.php\/wp-json\/wp\/v2\/types\/post"}],"author":[{"embeddable":true,"href":"https:\/\/cronicadesoledad.com\/index.php\/wp-json\/wp\/v2\/users\/6"}],"replies":[{"embeddable":true,"href":"https:\/\/cronicadesoledad.com\/index.php\/wp-json\/wp\/v2\/comments?post=7341"}],"version-history":[{"count":1,"href":"https:\/\/cronicadesoledad.com\/index.php\/wp-json\/wp\/v2\/posts\/7341\/revisions"}],"predecessor-version":[{"id":7343,"href":"https:\/\/cronicadesoledad.com\/index.php\/wp-json\/wp\/v2\/posts\/7341\/revisions\/7343"}],"wp:featuredmedia":[{"embeddable":true,"href":"https:\/\/cronicadesoledad.com\/index.php\/wp-json\/wp\/v2\/media\/7342"}],"wp:attachment":[{"href":"https:\/\/cronicadesoledad.com\/index.php\/wp-json\/wp\/v2\/media?parent=7341"}],"wp:term":[{"taxonomy":"category","embeddable":true,"href":"https:\/\/cronicadesoledad.com\/index.php\/wp-json\/wp\/v2\/categories?post=7341"},{"taxonomy":"post_tag","embeddable":true,"href":"https:\/\/cronicadesoledad.com\/index.php\/wp-json\/wp\/v2\/tags?post=7341"}],"curies":[{"name":"wp","href":"https:\/\/api.w.org\/{rel}","templated":true}]}}