{"id":7347,"date":"2023-11-30T12:42:52","date_gmt":"2023-11-30T18:42:52","guid":{"rendered":"https:\/\/cronicadesoledad.com\/?p=7347"},"modified":"2023-11-30T12:42:52","modified_gmt":"2023-11-30T18:42:52","slug":"tribunal-supremo-de-rusia-prohibe-movimiento-lgbtq","status":"publish","type":"post","link":"https:\/\/cronicadesoledad.com\/index.php\/2023\/11\/30\/tribunal-supremo-de-rusia-prohibe-movimiento-lgbtq\/","title":{"rendered":"Tribunal Supremo de Rusia proh\u00edbe movimiento LGBTQ+"},"content":{"rendered":"\n<h2 class=\"wp-block-heading\">El Tribunal Supremo de Rusia ha declarado como organizaci\u00f3n extremista al movimiento LGBTQ+.\u00a0<\/h2>\n\n\n\n<p>Impulsado por una moci\u00f3n del Ministerio de Justicia, se ha prohibido cualquier actividad del movimiento LGBTQ+ en el pa\u00eds, esta decisi\u00f3n y la criminalizaci\u00f3n del movimiento preocupa a la poblaci\u00f3n.<\/p>\n\n\n\n<p>Esta decisi\u00f3n podr\u00eda significar que cualquiera que el Estado ruso considere activista LGBTQ+ ser\u00e1 castigado y enviado a prisi\u00f3n por un largo tiempo, mientras que para los l\u00edderes o organizadores de grupos LGBTQ+ la pena ser\u00e1 a\u00fan m\u00e1s severa.&nbsp;<\/p>\n\n\n\n<p>&#8220;Esto es una represi\u00f3n real. Hay p\u00e1nico en la comunidad LGBT de Rusia. La gente est\u00e1 emigrando con urgencia. La palabra real que estamos utilizando es evacuaci\u00f3n. Estamos teniendo que salir de nuestro propio pa\u00eds. Es terrible&#8221;, lament\u00f3&nbsp;en entrevista para BBC Sergei Troshin, diputado municipal de San Petersburgo.&nbsp;<\/p>\n\n\n\n<p>La comunidad LGBTQ+ en los \u00faltimos a\u00f1os ha vivido bajo la presi\u00f3n de parte de las autoridades rusas, cada vez son m\u00e1s severas las restricciones y los intentos por desaparecerles de la vida cotidiana en aquel pa\u00eds.&nbsp;<\/p>\n","protected":false},"excerpt":{"rendered":"<p>El Tribunal Supremo de Rusia ha declarado como organizaci\u00f3n extremista al movimiento LGBTQ+.\u00a0 Impulsado por una moci\u00f3n del Ministerio de Justicia, se ha prohibido cualquier actividad del movimiento LGBTQ+ en el pa\u00eds, esta decisi\u00f3n y la criminalizaci\u00f3n del movimiento preocupa a la poblaci\u00f3n. Esta decisi\u00f3n podr\u00eda significar que cualquiera que el Estado ruso considere activista [&hellip;]<\/p>\n","protected":false},"author":6,"featured_media":7348,"comment_status":"open","ping_status":"open","sticky":false,"template":"","format":"standard","meta":{"footnotes":""},"categories":[1,24,21],"tags":[929,928,288,690,927],"class_list":{"0":"post-7347","1":"post","2":"type-post","3":"status-publish","4":"format-standard","5":"has-post-thumbnail","7":"category-destacadas","8":"category-informacion-general","9":"category-tu-soledad","10":"tag-comunidad-lgbtq","11":"tag-homofobia","12":"tag-internacional","13":"tag-lgbtq-2","14":"tag-rusia"},"_links":{"self":[{"href":"https:\/\/cronicadesoledad.com\/index.php\/wp-json\/wp\/v2\/posts\/7347","targetHints":{"allow":["GET"]}}],"collection":[{"href":"https:\/\/cronicadesoledad.com\/index.php\/wp-json\/wp\/v2\/posts"}],"about":[{"href":"https:\/\/cronicadesoledad.com\/index.php\/wp-json\/wp\/v2\/types\/post"}],"author":[{"embeddable":true,"href":"https:\/\/cronicadesoledad.com\/index.php\/wp-json\/wp\/v2\/users\/6"}],"replies":[{"embeddable":true,"href":"https:\/\/cronicadesoledad.com\/index.php\/wp-json\/wp\/v2\/comments?post=7347"}],"version-history":[{"count":1,"href":"https:\/\/cronicadesoledad.com\/index.php\/wp-json\/wp\/v2\/posts\/7347\/revisions"}],"predecessor-version":[{"id":7349,"href":"https:\/\/cronicadesoledad.com\/index.php\/wp-json\/wp\/v2\/posts\/7347\/revisions\/7349"}],"wp:featuredmedia":[{"embeddable":true,"href":"https:\/\/cronicadesoledad.com\/index.php\/wp-json\/wp\/v2\/media\/7348"}],"wp:attachment":[{"href":"https:\/\/cronicadesoledad.com\/index.php\/wp-json\/wp\/v2\/media?parent=7347"}],"wp:term":[{"taxonomy":"category","embeddable":true,"href":"https:\/\/cronicadesoledad.com\/index.php\/wp-json\/wp\/v2\/categories?post=7347"},{"taxonomy":"post_tag","embeddable":true,"href":"https:\/\/cronicadesoledad.com\/index.php\/wp-json\/wp\/v2\/tags?post=7347"}],"curies":[{"name":"wp","href":"https:\/\/api.w.org\/{rel}","templated":true}]}}