{"id":7350,"date":"2023-11-30T20:00:00","date_gmt":"2023-12-01T02:00:00","guid":{"rendered":"https:\/\/cronicadesoledad.com\/?p=7350"},"modified":"2023-11-30T20:11:20","modified_gmt":"2023-12-01T02:11:20","slug":"invitan-a-conferencia-sobre-las-personas-con-discapacidad","status":"publish","type":"post","link":"https:\/\/cronicadesoledad.com\/index.php\/2023\/11\/30\/invitan-a-conferencia-sobre-las-personas-con-discapacidad\/","title":{"rendered":"Invitan a conferencia sobre las personas con discapacidad"},"content":{"rendered":"\n<p>En el marco del D\u00eda Mundial de las Personas con Discapacidad, que se conmemora este pr\u00f3ximo 3 de diciembre, el Sistema Municipal para el Desarrollo Integral de la Familia (SMDIF) de Soledad de Graciano S\u00e1nchez presentar\u00e1 la conferencia &#8220;\u00bfC\u00f3mo vivo la discapacidad?&#8221;, con el objetivo de generar conciencia sobre las dificultades que enfrentan diariamente este sector de la poblaci\u00f3n.<\/p>\n\n\n\n<p>En colaboraci\u00f3n con el Sistema Estatal DIF, el evento se llevar\u00e1 a cabo este pr\u00f3ximo viernes primero de diciembre a las 11:00 horas en el Auditorio municipal del DIF, situado en calle Huerta del Nogal #231 en el fraccionamiento San Gerardo, con el que adem\u00e1s se busca sensibilizar a la poblaci\u00f3n y promover el respeto, el apoyo y el cuidado hacia este sector de la sociedad.<\/p>\n\n\n\n<p>La Presidenta del SMDIF, Mar\u00eda del Pilar Cardona Reyna resalt\u00f3 que esta reuni\u00f3n informativa tambi\u00e9n busca inspirar acciones concretas en pro de la inclusi\u00f3n y el bienestar de este grupo poblacional, &#8220;este viernes, Soledad de Graciano S\u00e1nchez se convierte en el escenario de un di\u00e1logo enriquecedor sobre la importancia de caminar juntos, como sociedad, de la mano con la discapacidad, todas y todos est\u00e1n cordialmente invitados a ser parte de esta conferencia&#8221;.<\/p>\n\n\n\n<p>A\u00f1adi\u00f3 que despu\u00e9s de la finalizaci\u00f3n de la conferencia, se llevar\u00e1 a cabo un foro especial en el que personas con discapacidad tendr\u00e1n la oportunidad de abordar temas relacionados con sus experiencias y dificultades, en una acci\u00f3n que busca sensibilizar a las autoridades y al p\u00fablico en general acerca de las necesidades y perspectivas desde su condici\u00f3n. Se espera que esta actividad promueva un di\u00e1logo inclusivo y fomente la conciencia sobre las diversas realidades que enfrentan las personas con discapacidad en la sociedad. Finalmente, exhort\u00f3 a la ciudadan\u00eda a ser parte de este tipo de actividades y record\u00f3 que Soledad de Graciano S\u00e1nchez reafirma su compromiso de trabajar incansablemente para construir una sociedad m\u00e1s inclusiva y justa, donde cada persona, independientemente de sus capacidades, pueda alcanzar su m\u00e1ximo potencial.<\/p>\n","protected":false},"excerpt":{"rendered":"<p>En el marco del D\u00eda Mundial de las Personas con Discapacidad, que se conmemora este pr\u00f3ximo 3 de diciembre, el Sistema Municipal para el Desarrollo Integral de la Familia (SMDIF) de Soledad de Graciano S\u00e1nchez presentar\u00e1 la conferencia &#8220;\u00bfC\u00f3mo vivo la discapacidad?&#8221;, con el objetivo de generar conciencia sobre las dificultades que enfrentan diariamente este [&hellip;]<\/p>\n","protected":false},"author":2,"featured_media":7351,"comment_status":"open","ping_status":"open","sticky":false,"template":"","format":"standard","meta":{"footnotes":""},"categories":[30,1,24,21],"tags":[81,223,930,931,29,294,27],"class_list":{"0":"post-7350","1":"post","2":"type-post","3":"status-publish","4":"format-standard","5":"has-post-thumbnail","7":"category-de-la-region-centro","8":"category-destacadas","9":"category-informacion-general","10":"category-tu-soledad","11":"tag-alcaldesa-soledense","12":"tag-ayuntamiento-soledense","13":"tag-conferencia","14":"tag-dia-mundial-de-las-personas-con-discapacidad","15":"tag-leonor-noyola","16":"tag-san-luis","17":"tag-soledad"},"_links":{"self":[{"href":"https:\/\/cronicadesoledad.com\/index.php\/wp-json\/wp\/v2\/posts\/7350","targetHints":{"allow":["GET"]}}],"collection":[{"href":"https:\/\/cronicadesoledad.com\/index.php\/wp-json\/wp\/v2\/posts"}],"about":[{"href":"https:\/\/cronicadesoledad.com\/index.php\/wp-json\/wp\/v2\/types\/post"}],"author":[{"embeddable":true,"href":"https:\/\/cronicadesoledad.com\/index.php\/wp-json\/wp\/v2\/users\/2"}],"replies":[{"embeddable":true,"href":"https:\/\/cronicadesoledad.com\/index.php\/wp-json\/wp\/v2\/comments?post=7350"}],"version-history":[{"count":1,"href":"https:\/\/cronicadesoledad.com\/index.php\/wp-json\/wp\/v2\/posts\/7350\/revisions"}],"predecessor-version":[{"id":7352,"href":"https:\/\/cronicadesoledad.com\/index.php\/wp-json\/wp\/v2\/posts\/7350\/revisions\/7352"}],"wp:featuredmedia":[{"embeddable":true,"href":"https:\/\/cronicadesoledad.com\/index.php\/wp-json\/wp\/v2\/media\/7351"}],"wp:attachment":[{"href":"https:\/\/cronicadesoledad.com\/index.php\/wp-json\/wp\/v2\/media?parent=7350"}],"wp:term":[{"taxonomy":"category","embeddable":true,"href":"https:\/\/cronicadesoledad.com\/index.php\/wp-json\/wp\/v2\/categories?post=7350"},{"taxonomy":"post_tag","embeddable":true,"href":"https:\/\/cronicadesoledad.com\/index.php\/wp-json\/wp\/v2\/tags?post=7350"}],"curies":[{"name":"wp","href":"https:\/\/api.w.org\/{rel}","templated":true}]}}