{"id":7382,"date":"2023-12-01T18:37:23","date_gmt":"2023-12-02T00:37:23","guid":{"rendered":"https:\/\/cronicadesoledad.com\/?p=7382"},"modified":"2023-12-01T18:37:23","modified_gmt":"2023-12-02T00:37:23","slug":"primera-feria-municipal-inclusiva","status":"publish","type":"post","link":"https:\/\/cronicadesoledad.com\/index.php\/2023\/12\/01\/primera-feria-municipal-inclusiva\/","title":{"rendered":"Primera Feria Municipal Inclusiva"},"content":{"rendered":"\n<p>La Feria se realiz\u00f3 en el marco del &#8220;D\u00eda Internacional de la Discapacidad&#8221; que se conmemora este 3 de diciembre.&nbsp;<\/p>\n\n\n\n<p>La iniciativa del DIF de San Luis Capital obtuvo una buena respuesta de parte de las potosinas y potosinos. Durante el evento se cont\u00f3 con conferencias sobre autismo, bolsa de trabajo para personas con discapacidad, oferta de bienes y servicios.&nbsp;<\/p>\n\n\n\n<p>&#8220;Trabajamos por la sensibilizaci\u00f3n, la empat\u00eda y la dignidad, a fin de contribuir a mejorar la calidad de vida, no solo de las personas que tienen alguna discapacidad o viven con el espectro autista, sino porque sabemos que siempre es posible contribuir mediante la capacitaci\u00f3n y la informaci\u00f3n a la poblaci\u00f3n para hacer de \u00e9sta, una capital inclusiva&#8221;, mencion\u00f3 la Directora del DIF Municipal, Jessica Albarr\u00e1n Ram\u00edrez.&nbsp;<\/p>\n\n\n\n<p>Otras actividades que se realizaron fuero el taller de bisuter\u00eda para autistas de parte de la Secretar\u00eda de Bienestar, recorridos guiados para d\u00e9biles visuales o ciegos de parte de Turismo, exposiciones de arte de personas con discapacidad de parte de Cultura.&nbsp;<\/p>\n\n\n\n<p>Las y los expositores, se reunieron en la explanada de la Plaza delCarmen junto con las y los emprendedores del Mercadito Inclusivo de DIF Capitalino.&nbsp;<\/p>\n\n\n\n<figure class=\"wp-block-image size-large\"><img loading=\"lazy\" decoding=\"async\" width=\"1024\" height=\"768\" src=\"https:\/\/cronicadesoledad.com\/wp-content\/uploads\/2023\/12\/WhatsApp-Image-2023-12-01-at-4.17.53-PM-1-1024x768.jpeg\" alt=\"\" class=\"wp-image-7384\" srcset=\"https:\/\/cronicadesoledad.com\/wp-content\/uploads\/2023\/12\/WhatsApp-Image-2023-12-01-at-4.17.53-PM-1-1024x768.jpeg 1024w, https:\/\/cronicadesoledad.com\/wp-content\/uploads\/2023\/12\/WhatsApp-Image-2023-12-01-at-4.17.53-PM-1-300x225.jpeg 300w, https:\/\/cronicadesoledad.com\/wp-content\/uploads\/2023\/12\/WhatsApp-Image-2023-12-01-at-4.17.53-PM-1-768x576.jpeg 768w, https:\/\/cronicadesoledad.com\/wp-content\/uploads\/2023\/12\/WhatsApp-Image-2023-12-01-at-4.17.53-PM-1-1536x1152.jpeg 1536w, https:\/\/cronicadesoledad.com\/wp-content\/uploads\/2023\/12\/WhatsApp-Image-2023-12-01-at-4.17.53-PM-1-696x522.jpeg 696w, https:\/\/cronicadesoledad.com\/wp-content\/uploads\/2023\/12\/WhatsApp-Image-2023-12-01-at-4.17.53-PM-1-1068x801.jpeg 1068w, https:\/\/cronicadesoledad.com\/wp-content\/uploads\/2023\/12\/WhatsApp-Image-2023-12-01-at-4.17.53-PM-1.jpeg 1600w\" sizes=\"auto, (max-width: 1024px) 100vw, 1024px\" \/><\/figure>\n","protected":false},"excerpt":{"rendered":"<p>La Feria se realiz\u00f3 en el marco del &#8220;D\u00eda Internacional de la Discapacidad&#8221; que se conmemora este 3 de diciembre.&nbsp; La iniciativa del DIF de San Luis Capital obtuvo una buena respuesta de parte de las potosinas y potosinos. Durante el evento se cont\u00f3 con conferencias sobre autismo, bolsa de trabajo para personas con discapacidad, [&hellip;]<\/p>\n","protected":false},"author":6,"featured_media":7383,"comment_status":"open","ping_status":"open","sticky":false,"template":"","format":"standard","meta":{"footnotes":""},"categories":[1,24,21],"tags":[383,949,950,294],"class_list":{"0":"post-7382","1":"post","2":"type-post","3":"status-publish","4":"format-standard","5":"has-post-thumbnail","7":"category-destacadas","8":"category-informacion-general","9":"category-tu-soledad","10":"tag-dif-estatal","11":"tag-feria-municipal-inclusiva","12":"tag-mercadito-inclusivo","13":"tag-san-luis"},"_links":{"self":[{"href":"https:\/\/cronicadesoledad.com\/index.php\/wp-json\/wp\/v2\/posts\/7382","targetHints":{"allow":["GET"]}}],"collection":[{"href":"https:\/\/cronicadesoledad.com\/index.php\/wp-json\/wp\/v2\/posts"}],"about":[{"href":"https:\/\/cronicadesoledad.com\/index.php\/wp-json\/wp\/v2\/types\/post"}],"author":[{"embeddable":true,"href":"https:\/\/cronicadesoledad.com\/index.php\/wp-json\/wp\/v2\/users\/6"}],"replies":[{"embeddable":true,"href":"https:\/\/cronicadesoledad.com\/index.php\/wp-json\/wp\/v2\/comments?post=7382"}],"version-history":[{"count":1,"href":"https:\/\/cronicadesoledad.com\/index.php\/wp-json\/wp\/v2\/posts\/7382\/revisions"}],"predecessor-version":[{"id":7385,"href":"https:\/\/cronicadesoledad.com\/index.php\/wp-json\/wp\/v2\/posts\/7382\/revisions\/7385"}],"wp:featuredmedia":[{"embeddable":true,"href":"https:\/\/cronicadesoledad.com\/index.php\/wp-json\/wp\/v2\/media\/7383"}],"wp:attachment":[{"href":"https:\/\/cronicadesoledad.com\/index.php\/wp-json\/wp\/v2\/media?parent=7382"}],"wp:term":[{"taxonomy":"category","embeddable":true,"href":"https:\/\/cronicadesoledad.com\/index.php\/wp-json\/wp\/v2\/categories?post=7382"},{"taxonomy":"post_tag","embeddable":true,"href":"https:\/\/cronicadesoledad.com\/index.php\/wp-json\/wp\/v2\/tags?post=7382"}],"curies":[{"name":"wp","href":"https:\/\/api.w.org\/{rel}","templated":true}]}}