{"id":7398,"date":"2023-12-01T21:00:00","date_gmt":"2023-12-02T03:00:00","guid":{"rendered":"https:\/\/cronicadesoledad.com\/?p=7398"},"modified":"2023-12-01T20:38:26","modified_gmt":"2023-12-02T02:38:26","slug":"brindan-capacitacion-sobre-higiene-y-pasteurizacion-de-alimentos","status":"publish","type":"post","link":"https:\/\/cronicadesoledad.com\/index.php\/2023\/12\/01\/brindan-capacitacion-sobre-higiene-y-pasteurizacion-de-alimentos\/","title":{"rendered":"Brindan capacitaci\u00f3n sobre higiene y pasteurizaci\u00f3n de alimentos"},"content":{"rendered":"\n<p>Conscientes de la importancia que tiene el correcto manejo de productos alimenticios y los procesos para su elaboraci\u00f3n, el Ayuntamiento de Soledad de Graciano S\u00e1nchez, a trav\u00e9s de la Direcci\u00f3n de Desarrollo Rural y Agropecuario, por invitaci\u00f3n de la Comisi\u00f3n Estatal para la Protecci\u00f3n contra Riesgos Sanitarios (COEPRIS) y la Secretar\u00eda de Desarrollo Agropecuario y Recursos Hidr\u00e1ulicos (SEDARH), llev\u00f3 a cabo el Taller de Capacitaci\u00f3n Curso Te\u00f3rico sobre &#8220;Higiene y Pasteurizaci\u00f3n de Alimentos&#8221;.<\/p>\n\n\n\n<p>Lo anterior lo dio a conocer el director de Desarrollo Rural de Soledad, Juan Mendoza, quien mencion\u00f3 que dicha capacitaci\u00f3n se basa en la Norma Oficial Mexicana NOM-243-SSA1-2010, sobre los procesos y t\u00e9cnicas de producci\u00f3n, higiene y manejo de productos l\u00e1cteos y cont\u00f3 con la participaci\u00f3n de peque\u00f1os productores del municipio soledense, quienes aprovecharon la oportunidad para aprender sobre las condiciones y requerimientos sanitarios para la comercializaci\u00f3n de sus productos.<\/p>\n\n\n\n<p>La pasteurizaci\u00f3n, empaque, almacenamiento y etiquetado correcto, son algunos de los t\u00f3picos abordados en el curso que ahora podr\u00e1n poner en pr\u00e1ctica productores de las comunidades de La Tinaja, El Huizache, Enrique Estrada y Rancho Nuevo.<\/p>\n\n\n\n<p>El director asegur\u00f3 que, aunque en esta primera etapa se cont\u00f3 con la participaci\u00f3n de alrededor de 25 productores de un total de 120 registrados en Soledad, ha recibido solicitudes de nuevas fechas y horarios, lo que demuestra el inter\u00e9s de quienes se dedican a esta actividad por aprender y mejorar sus procesos para entregar productos confiables y de calidad a la poblaci\u00f3n, por lo cual se estar\u00e1n realizando estos talleres de manera constante para satisfacer la demanda.<\/p>\n\n\n\n<p>El pr\u00f3ximo curso pr\u00e1ctico sobre la NOM-243, se llevar\u00e1 a cabo en aproximadamente dos semanas, por lo que todos aquellos interesados, podr\u00e1n participar para obtener las herramientas necesarias para mejorar sus procesos de producci\u00f3n y obtener mejores resultados en sus ventas.<\/p>\n","protected":false},"excerpt":{"rendered":"<p>Conscientes de la importancia que tiene el correcto manejo de productos alimenticios y los procesos para su elaboraci\u00f3n, el Ayuntamiento de Soledad de Graciano S\u00e1nchez, a trav\u00e9s de la Direcci\u00f3n de Desarrollo Rural y Agropecuario, por invitaci\u00f3n de la Comisi\u00f3n Estatal para la Protecci\u00f3n contra Riesgos Sanitarios (COEPRIS) y la Secretar\u00eda de Desarrollo Agropecuario y [&hellip;]<\/p>\n","protected":false},"author":2,"featured_media":7399,"comment_status":"open","ping_status":"open","sticky":false,"template":"","format":"standard","meta":{"footnotes":""},"categories":[30,1,24,21],"tags":[223,475,964,965,294,261,27],"class_list":{"0":"post-7398","1":"post","2":"type-post","3":"status-publish","4":"format-standard","5":"has-post-thumbnail","7":"category-de-la-region-centro","8":"category-destacadas","9":"category-informacion-general","10":"category-tu-soledad","11":"tag-ayuntamiento-soledense","12":"tag-capacitacion","13":"tag-higiene","14":"tag-pasteurizacion-de-alimentos","15":"tag-san-luis","16":"tag-slp","17":"tag-soledad"},"_links":{"self":[{"href":"https:\/\/cronicadesoledad.com\/index.php\/wp-json\/wp\/v2\/posts\/7398","targetHints":{"allow":["GET"]}}],"collection":[{"href":"https:\/\/cronicadesoledad.com\/index.php\/wp-json\/wp\/v2\/posts"}],"about":[{"href":"https:\/\/cronicadesoledad.com\/index.php\/wp-json\/wp\/v2\/types\/post"}],"author":[{"embeddable":true,"href":"https:\/\/cronicadesoledad.com\/index.php\/wp-json\/wp\/v2\/users\/2"}],"replies":[{"embeddable":true,"href":"https:\/\/cronicadesoledad.com\/index.php\/wp-json\/wp\/v2\/comments?post=7398"}],"version-history":[{"count":1,"href":"https:\/\/cronicadesoledad.com\/index.php\/wp-json\/wp\/v2\/posts\/7398\/revisions"}],"predecessor-version":[{"id":7400,"href":"https:\/\/cronicadesoledad.com\/index.php\/wp-json\/wp\/v2\/posts\/7398\/revisions\/7400"}],"wp:featuredmedia":[{"embeddable":true,"href":"https:\/\/cronicadesoledad.com\/index.php\/wp-json\/wp\/v2\/media\/7399"}],"wp:attachment":[{"href":"https:\/\/cronicadesoledad.com\/index.php\/wp-json\/wp\/v2\/media?parent=7398"}],"wp:term":[{"taxonomy":"category","embeddable":true,"href":"https:\/\/cronicadesoledad.com\/index.php\/wp-json\/wp\/v2\/categories?post=7398"},{"taxonomy":"post_tag","embeddable":true,"href":"https:\/\/cronicadesoledad.com\/index.php\/wp-json\/wp\/v2\/tags?post=7398"}],"curies":[{"name":"wp","href":"https:\/\/api.w.org\/{rel}","templated":true}]}}