{"id":7412,"date":"2023-12-02T12:35:18","date_gmt":"2023-12-02T18:35:18","guid":{"rendered":"https:\/\/cronicadesoledad.com\/?p=7412"},"modified":"2023-12-02T12:35:19","modified_gmt":"2023-12-02T18:35:19","slug":"alcalde-de-axtla-discrimina-y-despide-a-abuelito-con-cancer","status":"publish","type":"post","link":"https:\/\/cronicadesoledad.com\/index.php\/2023\/12\/02\/alcalde-de-axtla-discrimina-y-despide-a-abuelito-con-cancer\/","title":{"rendered":"Alcalde de Axtla, discrimina y despide a abuelito con c\u00e1ncer"},"content":{"rendered":"\n<p>El presidente municipal morenista de Axtla de Terrazas, Gregorio Cruz Mart\u00ednez, ha sido se\u00f1alado por discriminaci\u00f3n y despido injustificado de un empleado de 28 a\u00f1os de antig\u00fcedad en el Ayuntamiento, quien padece c\u00e1ncer de colon.<\/p>\n\n\n\n<p>El afectado contaba con un salario neto quincenal de 7 mil 852.40 pesos, crucial para solventar los costos de su tratamiento m\u00e9dico, ya que no contaba con seguridad social proporcionada por su empleo. No obstante, el 1 de octubre de 2021, su salario fue reducido abruptamente a 3 mil 800 pesos quincenales, sin previo aviso ni explicaci\u00f3n alguna. Ante la falta de respuesta sobre la disminuci\u00f3n salarial, el afectado busc\u00f3 conocer el motivo, pero fue ignorado por parte de los autoridades del municipio.<\/p>\n\n\n\n<p>La situaci\u00f3n lleg\u00f3 a o\u00eddos de la Comisi\u00f3n Estatal de Derechos Humanos (CEDH), que emiti\u00f3 la Recomendaci\u00f3n No. 09\/2023 al alcalde Cruz Mart\u00ednez. La CEDH inst\u00f3 al edil a reparar integralmente el da\u00f1o causado al empleado y a implementar capacitaciones para el personal en relaci\u00f3n con los derechos de las personas mayores a no ser discriminadas.<\/p>\n\n\n\n<p>Con informaci\u00f3n de C\u00f3digo San Luis. <\/p>\n","protected":false},"excerpt":{"rendered":"<p>El presidente municipal morenista de Axtla de Terrazas, Gregorio Cruz Mart\u00ednez, ha sido se\u00f1alado por discriminaci\u00f3n y despido injustificado de un empleado de 28 a\u00f1os de antig\u00fcedad en el Ayuntamiento, quien padece c\u00e1ncer de colon. El afectado contaba con un salario neto quincenal de 7 mil 852.40 pesos, crucial para solventar los costos de su [&hellip;]<\/p>\n","protected":false},"author":6,"featured_media":7413,"comment_status":"open","ping_status":"open","sticky":false,"template":"","format":"standard","meta":{"footnotes":""},"categories":[1,24,21],"tags":[970,972,971,294,261],"class_list":{"0":"post-7412","1":"post","2":"type-post","3":"status-publish","4":"format-standard","5":"has-post-thumbnail","7":"category-destacadas","8":"category-informacion-general","9":"category-tu-soledad","10":"tag-axtla-de-terrazas","11":"tag-discriminacion","12":"tag-presidente-municipal","13":"tag-san-luis","14":"tag-slp"},"_links":{"self":[{"href":"https:\/\/cronicadesoledad.com\/index.php\/wp-json\/wp\/v2\/posts\/7412","targetHints":{"allow":["GET"]}}],"collection":[{"href":"https:\/\/cronicadesoledad.com\/index.php\/wp-json\/wp\/v2\/posts"}],"about":[{"href":"https:\/\/cronicadesoledad.com\/index.php\/wp-json\/wp\/v2\/types\/post"}],"author":[{"embeddable":true,"href":"https:\/\/cronicadesoledad.com\/index.php\/wp-json\/wp\/v2\/users\/6"}],"replies":[{"embeddable":true,"href":"https:\/\/cronicadesoledad.com\/index.php\/wp-json\/wp\/v2\/comments?post=7412"}],"version-history":[{"count":1,"href":"https:\/\/cronicadesoledad.com\/index.php\/wp-json\/wp\/v2\/posts\/7412\/revisions"}],"predecessor-version":[{"id":7414,"href":"https:\/\/cronicadesoledad.com\/index.php\/wp-json\/wp\/v2\/posts\/7412\/revisions\/7414"}],"wp:featuredmedia":[{"embeddable":true,"href":"https:\/\/cronicadesoledad.com\/index.php\/wp-json\/wp\/v2\/media\/7413"}],"wp:attachment":[{"href":"https:\/\/cronicadesoledad.com\/index.php\/wp-json\/wp\/v2\/media?parent=7412"}],"wp:term":[{"taxonomy":"category","embeddable":true,"href":"https:\/\/cronicadesoledad.com\/index.php\/wp-json\/wp\/v2\/categories?post=7412"},{"taxonomy":"post_tag","embeddable":true,"href":"https:\/\/cronicadesoledad.com\/index.php\/wp-json\/wp\/v2\/tags?post=7412"}],"curies":[{"name":"wp","href":"https:\/\/api.w.org\/{rel}","templated":true}]}}