{"id":7439,"date":"2023-12-04T11:38:13","date_gmt":"2023-12-04T17:38:13","guid":{"rendered":"https:\/\/cronicadesoledad.com\/?p=7439"},"modified":"2023-12-04T11:38:14","modified_gmt":"2023-12-04T17:38:14","slug":"juez-elimina-la-asexualidad-de-la-lista-de-enfermedades-psiquiatricas","status":"publish","type":"post","link":"https:\/\/cronicadesoledad.com\/index.php\/2023\/12\/04\/juez-elimina-la-asexualidad-de-la-lista-de-enfermedades-psiquiatricas\/","title":{"rendered":"Juez elimina la asexualidad de la lista de enfermedades psiqui\u00e1tricas\u00a0"},"content":{"rendered":"\n<h2 class=\"wp-block-heading\">El Sector Salud deber\u00e1 adecuar los protocolos de atenci\u00f3n.\u00a0<\/h2>\n\n\n\n<p>En una sentencia in\u00e9dita en Am\u00e9rica Latina, un juez orden\u00f3 a las autoridades del Sistema Nacional de Salud dejar de considerar la asexualidad como una enfermedad psiqui\u00e1trica. La sentencia fue lograda por el colectivo PFT Yucat\u00e1n y la organizaci\u00f3n GIRE.&nbsp;<\/p>\n\n\n\n<p>Durante 2019 por lo menos 317 personas fueron canalizada al \u00e1rea de atenci\u00f3n psiqui\u00e1trica en el Sistema Nacional de Salud para \u201ccurar\u201d su falta de atracci\u00f3n sexual.&nbsp;<\/p>\n\n\n\n<p>\u201cLa mayor\u00eda del personal m\u00e9dico no tiene conocimiento sobre la asexualidad, por lo que, al hacerle preguntas a pacientes asexuales sobre su vida sexual activa, consideran su orientaci\u00f3n como un s\u00edntoma, afectando de manera significativa la valoraci\u00f3n m\u00e9dica\u201d, coment\u00f3 el equipo legal que logr\u00f3 este avance.&nbsp;<\/p>\n\n\n\n<p>La asexualidad es una de las orientaciones sexuales que forman parte de la comunidad LGBTTIQA+ y se caracteriza por ser personas que no sienten atracci\u00f3n sexual, generalmente son discriminadas o tratadas como personas enfermas&nbsp; al seguir la idea impuesta de que las personas deben tener relaciones sexuales obligatoriamente por mandato reproductivo.&nbsp;<\/p>\n","protected":false},"excerpt":{"rendered":"<p>El Sector Salud deber\u00e1 adecuar los protocolos de atenci\u00f3n.\u00a0 En una sentencia in\u00e9dita en Am\u00e9rica Latina, un juez orden\u00f3 a las autoridades del Sistema Nacional de Salud dejar de considerar la asexualidad como una enfermedad psiqui\u00e1trica. La sentencia fue lograda por el colectivo PFT Yucat\u00e1n y la organizaci\u00f3n GIRE.&nbsp; Durante 2019 por lo menos 317 [&hellip;]<\/p>\n","protected":false},"author":6,"featured_media":7440,"comment_status":"open","ping_status":"open","sticky":false,"template":"","format":"standard","meta":{"footnotes":""},"categories":[1,24,21],"tags":[979,978,929,980,287],"class_list":{"0":"post-7439","1":"post","2":"type-post","3":"status-publish","4":"format-standard","5":"has-post-thumbnail","7":"category-destacadas","8":"category-informacion-general","9":"category-tu-soledad","10":"tag-asexuales-mexico","11":"tag-asexualidad","12":"tag-comunidad-lgbtq","13":"tag-lgbttiqa","14":"tag-nacional"},"_links":{"self":[{"href":"https:\/\/cronicadesoledad.com\/index.php\/wp-json\/wp\/v2\/posts\/7439","targetHints":{"allow":["GET"]}}],"collection":[{"href":"https:\/\/cronicadesoledad.com\/index.php\/wp-json\/wp\/v2\/posts"}],"about":[{"href":"https:\/\/cronicadesoledad.com\/index.php\/wp-json\/wp\/v2\/types\/post"}],"author":[{"embeddable":true,"href":"https:\/\/cronicadesoledad.com\/index.php\/wp-json\/wp\/v2\/users\/6"}],"replies":[{"embeddable":true,"href":"https:\/\/cronicadesoledad.com\/index.php\/wp-json\/wp\/v2\/comments?post=7439"}],"version-history":[{"count":1,"href":"https:\/\/cronicadesoledad.com\/index.php\/wp-json\/wp\/v2\/posts\/7439\/revisions"}],"predecessor-version":[{"id":7441,"href":"https:\/\/cronicadesoledad.com\/index.php\/wp-json\/wp\/v2\/posts\/7439\/revisions\/7441"}],"wp:featuredmedia":[{"embeddable":true,"href":"https:\/\/cronicadesoledad.com\/index.php\/wp-json\/wp\/v2\/media\/7440"}],"wp:attachment":[{"href":"https:\/\/cronicadesoledad.com\/index.php\/wp-json\/wp\/v2\/media?parent=7439"}],"wp:term":[{"taxonomy":"category","embeddable":true,"href":"https:\/\/cronicadesoledad.com\/index.php\/wp-json\/wp\/v2\/categories?post=7439"},{"taxonomy":"post_tag","embeddable":true,"href":"https:\/\/cronicadesoledad.com\/index.php\/wp-json\/wp\/v2\/tags?post=7439"}],"curies":[{"name":"wp","href":"https:\/\/api.w.org\/{rel}","templated":true}]}}