{"id":7448,"date":"2023-12-05T10:47:36","date_gmt":"2023-12-05T16:47:36","guid":{"rendered":"https:\/\/cronicadesoledad.com\/?p=7448"},"modified":"2023-12-05T10:47:36","modified_gmt":"2023-12-05T16:47:36","slug":"daniela-souza-obtiene-pase-a-paris-2024","status":"publish","type":"post","link":"https:\/\/cronicadesoledad.com\/index.php\/2023\/12\/05\/daniela-souza-obtiene-pase-a-paris-2024\/","title":{"rendered":"Daniela Souza obtiene pase a Par\u00eds 2024"},"content":{"rendered":"\n<h2 class=\"wp-block-heading\">En esta ocasi\u00f3n la taekwondo\u00edn no logr\u00f3 subir al podio pero esta competencia le asegur\u00f3 su lugar en los Juegos Ol\u00edmpicos de Par\u00eds 2024.\u00a0<\/h2>\n\n\n\n<p>La taekwondo\u00edn obtuvo el cuatro lugar en la categor\u00eda -49kg en el Gran Prix Final de Taekwondo que tuvo lugar en Manchester Inglaterra. Souza perdi\u00f3 el combate por el bronce con la turca Marie Dincel Kavurat.&nbsp;<\/p>\n\n\n\n<p>Con este cuarto puedo Daniela obtuvo 21.6 puntos que la ubican en el #5 en el ranking y con ello obtiene su pase seguro a los Juegos Ol\u00edmpicos de Par\u00eds 2024. La atleta inaugura las plazas ol\u00edmpicas de Taekwondo para M\u00e9xico.&nbsp;<\/p>\n\n\n<div class=\"wp-block-image\">\n<figure class=\"aligncenter size-full\"><img loading=\"lazy\" decoding=\"async\" width=\"1024\" height=\"768\" src=\"https:\/\/cronicadesoledad.com\/wp-content\/uploads\/2023\/12\/DANIELA-SOUZA-PARIS-2024.jpeg\" alt=\"\" class=\"wp-image-7450\" srcset=\"https:\/\/cronicadesoledad.com\/wp-content\/uploads\/2023\/12\/DANIELA-SOUZA-PARIS-2024.jpeg 1024w, https:\/\/cronicadesoledad.com\/wp-content\/uploads\/2023\/12\/DANIELA-SOUZA-PARIS-2024-300x225.jpeg 300w, https:\/\/cronicadesoledad.com\/wp-content\/uploads\/2023\/12\/DANIELA-SOUZA-PARIS-2024-768x576.jpeg 768w, https:\/\/cronicadesoledad.com\/wp-content\/uploads\/2023\/12\/DANIELA-SOUZA-PARIS-2024-696x522.jpeg 696w\" sizes=\"auto, (max-width: 1024px) 100vw, 1024px\" \/><\/figure>\n<\/div>","protected":false},"excerpt":{"rendered":"<p>En esta ocasi\u00f3n la taekwondo\u00edn no logr\u00f3 subir al podio pero esta competencia le asegur\u00f3 su lugar en los Juegos Ol\u00edmpicos de Par\u00eds 2024.\u00a0 La taekwondo\u00edn obtuvo el cuatro lugar en la categor\u00eda -49kg en el Gran Prix Final de Taekwondo que tuvo lugar en Manchester Inglaterra. Souza perdi\u00f3 el combate por el bronce con [&hellip;]<\/p>\n","protected":false},"author":6,"featured_media":7449,"comment_status":"open","ping_status":"open","sticky":false,"template":"","format":"standard","meta":{"footnotes":""},"categories":[20,1,24,21],"tags":[321,492,288,985,287,519,491],"class_list":{"0":"post-7448","1":"post","2":"type-post","3":"status-publish","4":"format-standard","5":"has-post-thumbnail","7":"category-cronica-deportiva","8":"category-destacadas","9":"category-informacion-general","10":"category-tu-soledad","11":"tag-cronica-deportiva","12":"tag-daniela-souza","13":"tag-internacional","14":"tag-juegos-olimpicos-paris-2024","15":"tag-nacional","16":"tag-paris-2024","17":"tag-taekwondo"},"_links":{"self":[{"href":"https:\/\/cronicadesoledad.com\/index.php\/wp-json\/wp\/v2\/posts\/7448","targetHints":{"allow":["GET"]}}],"collection":[{"href":"https:\/\/cronicadesoledad.com\/index.php\/wp-json\/wp\/v2\/posts"}],"about":[{"href":"https:\/\/cronicadesoledad.com\/index.php\/wp-json\/wp\/v2\/types\/post"}],"author":[{"embeddable":true,"href":"https:\/\/cronicadesoledad.com\/index.php\/wp-json\/wp\/v2\/users\/6"}],"replies":[{"embeddable":true,"href":"https:\/\/cronicadesoledad.com\/index.php\/wp-json\/wp\/v2\/comments?post=7448"}],"version-history":[{"count":1,"href":"https:\/\/cronicadesoledad.com\/index.php\/wp-json\/wp\/v2\/posts\/7448\/revisions"}],"predecessor-version":[{"id":7451,"href":"https:\/\/cronicadesoledad.com\/index.php\/wp-json\/wp\/v2\/posts\/7448\/revisions\/7451"}],"wp:featuredmedia":[{"embeddable":true,"href":"https:\/\/cronicadesoledad.com\/index.php\/wp-json\/wp\/v2\/media\/7449"}],"wp:attachment":[{"href":"https:\/\/cronicadesoledad.com\/index.php\/wp-json\/wp\/v2\/media?parent=7448"}],"wp:term":[{"taxonomy":"category","embeddable":true,"href":"https:\/\/cronicadesoledad.com\/index.php\/wp-json\/wp\/v2\/categories?post=7448"},{"taxonomy":"post_tag","embeddable":true,"href":"https:\/\/cronicadesoledad.com\/index.php\/wp-json\/wp\/v2\/tags?post=7448"}],"curies":[{"name":"wp","href":"https:\/\/api.w.org\/{rel}","templated":true}]}}